{"id":9778,"date":"2016-09-01T08:11:30","date_gmt":"2016-09-01T07:11:30","guid":{"rendered":"https:\/\/gub.ccoo.cat\/?p=454"},"modified":"2016-09-01T08:11:30","modified_gmt":"2016-09-01T07:11:30","slug":"els-bombers-vinculen-casos-de-cancer-amb-les-males-condicions-del-centre-de-gestio-demergencies-2","status":"publish","type":"post","link":"https:\/\/ccoo.app\/ajuntamentbarcelona\/els-bombers-vinculen-casos-de-cancer-amb-les-males-condicions-del-centre-de-gestio-demergencies-2\/","title":{"rendered":"Els bombers vinculen casos de c\u00e0ncer amb les males condicions del Centre de Gesti\u00f3 d\u2019Emerg\u00e8ncies"},"content":{"rendered":"<p class=\"notranscripcio\"><img loading=\"lazy\" decoding=\"async\" class=\"size-medium wp-image-455 alignleft\" src=\"https:\/\/gub.ccoo.cat\/wp-content\/uploads\/sites\/13\/2016\/09\/cgeim-300x195.jpg\" alt=\"cgeim\" width=\"300\" height=\"195\" \/><a href=\"http:\/\/www.btv.cat\/btvnoticies\/2016\/08\/31\/bombers-queixes-centre-gestio-emergencies\/\">btv.cat<\/a><\/p>\n<p class=\"notranscripcio\">Els Bombers de Barcelona que treballen al Centre de Gesti\u00f3 d&#8217;Emerg\u00e8ncies (CGE) del carrer de Lleida denuncien que l&#8217;espai no t\u00e9 les condicions necess\u00e0ries. Comparteixen les instal\u00b7lacions amb els Mossos d&#8217;Esquadra, la Gu\u00e0rdia Urbana i el SEM, per\u00f2 remarquen que no tots ocupen les mateixes zones i es queixen que la sala que correspon als bombers t\u00e9 defici\u00e8ncies. Tant \u00e9s aix\u00ed que creuen que hi ha una relaci\u00f3 amb set casos de c\u00e0ncer detectats darrerament. L&#8217;Ajuntament ho descarta.<\/p>\n<p>Al Centre de Gesti\u00f3 d\u2019Emerg\u00e8ncies hi ha la sala conjunta de comandament en qu\u00e8 es coordinen els diferents cossos d\u2019emerg\u00e8ncies de la ciutat. Segons han explicat els bombers, <strong>la sala des d\u2019on ells operen es troba al soterrani, en un espai que diuen que est\u00e0 mal ventilat i que no t\u00e9 llum natural<\/strong>. A m\u00e9s, creuen que el personal est\u00e0 constantment exposat a ones de radiofreq\u00fc\u00e8ncia, perqu\u00e8 asseguren que<strong>al seu entorn es concentren molts aparells emissors<\/strong>.<\/p>\n<p>Els treballadors consideren que <strong>les males condicions descrites podrien estar relacionades amb els set casos de c\u00e0ncer<\/strong> que s\u2019han diagnosticat a empleats del centre. <strong>Un sup\u00f2sit que, de moment, els estudis encarregats per l\u2019Ajuntament han descartat.<\/strong> Entre els informes elaborats, hi ha el de l\u2019Ag\u00e8ncia de Salut P\u00fablica de Barcelona, en qu\u00e8 <strong>no es va trobar una vinculaci\u00f3 entre l\u2019espai i els casos de c\u00e0ncer<\/strong>. En concret, es conclo\u00efa que la freq\u00fc\u00e8ncia de casos al CGE no era significativament diferent de la que es detecta entre persones del mateix grup d\u2019edat a Catalunya. Amb aquestes dades a la m\u00e0, des de l\u2019Agrupaci\u00f3 de Bombers de Barcelona reconeixen que l\u2019estudi est\u00e0 ben elaborat i que, estad\u00edsticament, els resultats s\u00f3n correctes. Tot i aix\u00f2, Pau Serra, que \u00e9s bomber, metge i membre de l\u2019Agrupaci\u00f3, considera que \u201cno tot es pot demostrar amb n\u00fameros, i al final, tant hi fa, perqu\u00e8 si hi ha un tema tan greu com molts casos de c\u00e0ncer, has d\u2019actuar, no pots deixar-ho de la m\u00e0 de D\u00e9u.\u201d<\/p>\n<p>En el que coincideixen Ajuntament i sindicats \u00e9s que\u00a0<strong>l\u2019empla\u00e7ament ha quedat obsolet, i<\/strong> <strong>fonts del consistori asseguren que s\u2019han plantejat buscar una nova ubicaci\u00f3<\/strong>. Tot i aix\u00f2, remarquen que no nom\u00e9s dep\u00e8n d\u2019ells i que caldria arribar a un acord amb la Generalitat. Des del govern municipal aposten per mantenir una sala conjunta de comandament amb els diferents cossos d\u2019emerg\u00e8ncies i consideren que \u00e9s un model que cal preservar. Per aix\u00f2,\u00a0<strong>com a soluci\u00f3 provisional, els bombers proposen traslladar-se temporalment al parc de bombers de Montju\u00efc <\/strong>i estar connectats per via telem\u00e0tica amb el Centre de Gesti\u00f3 d\u2019Emerg\u00e8ncies. Aix\u00f2, mentre no es trobi un empla\u00e7ament definitiu.    \t<\/p>\n","protected":false},"excerpt":{"rendered":"<p>btv.cat Els Bombers de Barcelona que treballen al Centre de Gesti\u00f3 d&#8217;Emerg\u00e8ncies (CGE) del carrer de Lleida denuncien que l&#8217;espai no t\u00e9 les condicions necess\u00e0ries. Comparteixen les instal\u00b7lacions amb els &#8230; <\/p>\n<p class=\"read-more-container\"><a title=\"Els bombers vinculen casos de c\u00e0ncer amb les males condicions del Centre de Gesti\u00f3 d\u2019Emerg\u00e8ncies\" class=\"read-more button\" href=\"https:\/\/ccoo.app\/ajuntamentbarcelona\/els-bombers-vinculen-casos-de-cancer-amb-les-males-condicions-del-centre-de-gestio-demergencies-2\/#more-9778\" aria-label=\"M\u00e9s informaci\u00f3 sobre Els bombers vinculen casos de c\u00e0ncer amb les males condicions del Centre de Gesti\u00f3 d\u2019Emerg\u00e8ncies\">Llegeix-ne m\u00e9s \u00bb<\/a><\/p>\n","protected":false},"author":97114,"featured_media":9585,"comment_status":"open","ping_status":"open","sticky":false,"template":"","format":"standard","meta":{"footnotes":""},"categories":[303],"tags":[],"class_list":["post-9778","post","type-post","status-publish","format-standard","has-post-thumbnail","hentry","category-guardia-urbana","generate-columns","tablet-grid-50","mobile-grid-100","grid-parent","grid-33"],"_links":{"self":[{"href":"https:\/\/ccoo.app\/ajuntamentbarcelona\/wp-json\/wp\/v2\/posts\/9778","targetHints":{"allow":["GET"]}}],"collection":[{"href":"https:\/\/ccoo.app\/ajuntamentbarcelona\/wp-json\/wp\/v2\/posts"}],"about":[{"href":"https:\/\/ccoo.app\/ajuntamentbarcelona\/wp-json\/wp\/v2\/types\/post"}],"author":[{"embeddable":true,"href":"https:\/\/ccoo.app\/ajuntamentbarcelona\/wp-json\/wp\/v2\/users\/97114"}],"replies":[{"embeddable":true,"href":"https:\/\/ccoo.app\/ajuntamentbarcelona\/wp-json\/wp\/v2\/comments?post=9778"}],"version-history":[{"count":0,"href":"https:\/\/ccoo.app\/ajuntamentbarcelona\/wp-json\/wp\/v2\/posts\/9778\/revisions"}],"wp:featuredmedia":[{"embeddable":true,"href":"https:\/\/ccoo.app\/ajuntamentbarcelona\/wp-json\/wp\/v2\/media\/9585"}],"wp:attachment":[{"href":"https:\/\/ccoo.app\/ajuntamentbarcelona\/wp-json\/wp\/v2\/media?parent=9778"}],"wp:term":[{"taxonomy":"category","embeddable":true,"href":"https:\/\/ccoo.app\/ajuntamentbarcelona\/wp-json\/wp\/v2\/categories?post=9778"},{"taxonomy":"post_tag","embeddable":true,"href":"https:\/\/ccoo.app\/ajuntamentbarcelona\/wp-json\/wp\/v2\/tags?post=9778"}],"curies":[{"name":"wp","href":"https:\/\/api.w.org\/{rel}","templated":true}]}}