{"id":9776,"date":"2016-08-16T16:24:21","date_gmt":"2016-08-16T15:24:21","guid":{"rendered":"https:\/\/gub.ccoo.cat\/?p=438"},"modified":"2016-08-16T16:24:21","modified_gmt":"2016-08-16T15:24:21","slug":"alerta-por-15-casos-de-cancer-en-la-sala-conjunta-de-mando-de-barcelona-2","status":"publish","type":"post","link":"https:\/\/ccoo.app\/ajuntamentbarcelona\/alerta-por-15-casos-de-cancer-en-la-sala-conjunta-de-mando-de-barcelona-2\/","title":{"rendered":"Alerta por 15 casos de c\u00e1ncer en la sala conjunta de mando de Barcelona"},"content":{"rendered":"<p><a href=\"http:\/\/www.cronicaglobal.com\/vida\/cancer-mossos-urbana-policia-barcelona-bomberos_60007_102.html\"><img loading=\"lazy\" decoding=\"async\" class=\" wp-image-439 alignleft\" src=\"https:\/\/gub.ccoo.cat\/wp-content\/uploads\/sites\/13\/2016\/08\/sala-comandament-300x159.png\" alt=\"sala-comandament\" width=\"457\" height=\"242\" \/>cronicaglobal.com<\/a><\/p>\n<p>Quince personas que trabajan o han trabajado en el centro de emergencias policiales conocido como Sala Conjunta de Mando (SCC por sus siglas en catal\u00e1n) de Barcelona tienen c\u00e1ncer. En diez a\u00f1os \u2013el edificio se inaugur\u00f3 en 2006 y pretend\u00eda ser un lugar provisional\u2013, se han detectado cuatro casos en la Guardia Urbana de Barcelona, otros cuatro en Mossos d\u2019Esquadra y siete en Bomberos.<\/p>\n<p>Los tres cuerpos comparten dependencias junto con el Sistema de Emergencias M\u00e9dicas (SEM) en la calle Lleida de la capital catalana y trabajan en una planta baja y un subterr\u00e1neo en condiciones que consideran perjudiciales para su salud. Creen que los equipos de radiotransmisi\u00f3n son los causantes de la enfermedad y han solicitado \u2013y conseguido\u2013 una inspecci\u00f3n de Trabajo para medir las medidas de los campos electromagn\u00e9ticos.<\/p>\n<p>\u201cNo hay ventilaci\u00f3n, hay una mala calidad del aire y los trabajadores estamos expuestos a emisiones de radiofrecuencia permanentemente\u201d, explica a Cr\u00f3nica Global Pere Mart\u00ednez, uno de los bomberos que forma parte de la plantilla de la SCC y el portavoz de la Plataforma sindical CGE (Centro de Gesti\u00f3n de Emergencias).    \t<\/p>\n","protected":false},"excerpt":{"rendered":"<p>cronicaglobal.com Quince personas que trabajan o han trabajado en el centro de emergencias policiales conocido como Sala Conjunta de Mando (SCC por sus siglas en catal\u00e1n) de Barcelona tienen c\u00e1ncer. &#8230; <\/p>\n<p class=\"read-more-container\"><a title=\"Alerta por 15 casos de c\u00e1ncer en la sala conjunta de mando de Barcelona\" class=\"read-more button\" href=\"https:\/\/ccoo.app\/ajuntamentbarcelona\/alerta-por-15-casos-de-cancer-en-la-sala-conjunta-de-mando-de-barcelona-2\/#more-9776\" aria-label=\"M\u00e9s informaci\u00f3 sobre Alerta por 15 casos de c\u00e1ncer en la sala conjunta de mando de Barcelona\">Llegeix-ne m\u00e9s \u00bb<\/a><\/p>\n","protected":false},"author":97114,"featured_media":9583,"comment_status":"open","ping_status":"open","sticky":false,"template":"","format":"standard","meta":{"footnotes":""},"categories":[303],"tags":[],"class_list":["post-9776","post","type-post","status-publish","format-standard","has-post-thumbnail","hentry","category-guardia-urbana","generate-columns","tablet-grid-50","mobile-grid-100","grid-parent","grid-33"],"_links":{"self":[{"href":"https:\/\/ccoo.app\/ajuntamentbarcelona\/wp-json\/wp\/v2\/posts\/9776","targetHints":{"allow":["GET"]}}],"collection":[{"href":"https:\/\/ccoo.app\/ajuntamentbarcelona\/wp-json\/wp\/v2\/posts"}],"about":[{"href":"https:\/\/ccoo.app\/ajuntamentbarcelona\/wp-json\/wp\/v2\/types\/post"}],"author":[{"embeddable":true,"href":"https:\/\/ccoo.app\/ajuntamentbarcelona\/wp-json\/wp\/v2\/users\/97114"}],"replies":[{"embeddable":true,"href":"https:\/\/ccoo.app\/ajuntamentbarcelona\/wp-json\/wp\/v2\/comments?post=9776"}],"version-history":[{"count":0,"href":"https:\/\/ccoo.app\/ajuntamentbarcelona\/wp-json\/wp\/v2\/posts\/9776\/revisions"}],"wp:featuredmedia":[{"embeddable":true,"href":"https:\/\/ccoo.app\/ajuntamentbarcelona\/wp-json\/wp\/v2\/media\/9583"}],"wp:attachment":[{"href":"https:\/\/ccoo.app\/ajuntamentbarcelona\/wp-json\/wp\/v2\/media?parent=9776"}],"wp:term":[{"taxonomy":"category","embeddable":true,"href":"https:\/\/ccoo.app\/ajuntamentbarcelona\/wp-json\/wp\/v2\/categories?post=9776"},{"taxonomy":"post_tag","embeddable":true,"href":"https:\/\/ccoo.app\/ajuntamentbarcelona\/wp-json\/wp\/v2\/tags?post=9776"}],"curies":[{"name":"wp","href":"https:\/\/api.w.org\/{rel}","templated":true}]}}