{"id":9763,"date":"2016-06-21T08:11:47","date_gmt":"2016-06-21T07:11:47","guid":{"rendered":"https:\/\/gub.ccoo.cat\/?p=372"},"modified":"2016-06-21T08:11:47","modified_gmt":"2016-06-21T07:11:47","slug":"dispositivo-policial-para-reducir-la-aglomeracion-de-manteros-en-el-port-vell","status":"publish","type":"post","link":"https:\/\/ccoo.app\/ajuntamentbarcelona\/dispositivo-policial-para-reducir-la-aglomeracion-de-manteros-en-el-port-vell\/","title":{"rendered":"Dispositivo policial para reducir la aglomeraci\u00f3n de manteros en el Port Vell"},"content":{"rendered":"<figure id=\"attachment_373\" aria-describedby=\"caption-attachment-373\" style=\"width: 402px\" class=\"wp-caption aligncenter\"><img loading=\"lazy\" decoding=\"async\" class=\" wp-image-373\" src=\"https:\/\/gub.ccoo.cat\/wp-content\/uploads\/sites\/13\/2016\/06\/portvellcolau-300x168.jpg\" alt=\"BARCELONA 20 06 2016  Barcelona   Dispositivo contra los manteros en el Port Vell de Mossos y Guardia Urbana        FOTO de ALVARO MONGE\" width=\"412\" height=\"231\" \/><figcaption id=\"caption-attachment-373\" class=\"wp-caption-text\"><a href=\"http:\/\/www.elperiodico.com\/es\/noticias\/barcelona\/dispositivo-policial-para-expulsar-los-manteros-del-port-vell-5217924\">elperiodico.com<\/a><\/figcaption><\/figure>\n<p>Los Mossos d&#8217;Esquadra, la Gu\u00e0rdia Urbana de Barcelona y la Polic\u00eda Portuaria <strong>han ocupado<\/strong> este lunes\u00a0el espacio que habitualmente utilizan los manteros ante el Palau de Mar,\u00a0para reducir su presencia en la zona, que seguir\u00e1 vigilada durante los pr\u00f3ximos d\u00edas. No obstante, un buen n\u00famero de\u00a0vendedores ambulantes siguen apostados en los aleda\u00f1os del Port Vell, unos metros m\u00e1s all\u00e1 de donde acaba el cord\u00f3n\u00a0policial.<\/p>\n<p>Seg\u00fan han informado fuentes policiales, el dispositivo desplegado\u00a0es<a href=\"http:\/\/www.elperiodico.com\/es\/noticias\/barcelona\/operacion-policial-contra-top-manta-barcelona-colon-4655937\">id\u00e9ntico al que se desarroll\u00f3 el pasado mes de noviembre<\/a>, con el objetivo de que la Urbana, los Mossos y la Polic\u00eda Portuaria saturen una parte del espacio que habitualmente ocupan los vendedores ambulantes.<\/p>\n<p>Cuando los agentes han llegado al Moll de la Fusta y al Moll del Dip\u00f2sit,<strong> a primera hora<\/strong> de la ma\u00f1ana, todav\u00eda no hab\u00eda manteros, por lo que la presencia policial ha disuadido a los vendedores del &#8216;top manta&#8217; a\u00a0ubicarse\u00a0en esa zona.<\/p>\n<h3>AGRESIONES Y EL &#8216;CASO GARGANT\u00c9&#8217;<\/h3>\n<p>En las \u00faltimas semanas se hab\u00edan vuelto a instalar varios centenares de manteros en los aleda\u00f1os del Palau del Mar, pese a las quejas de la veintena de comerciantes\u00a0que s\u00ed est\u00e1n acreditados legalmente para trabajar all\u00ed. El elevado n\u00famero de vendedores de &#8216;top manta&#8217; que hay en el Port Vell dificulta las actuaciones policiales para expulsarles del lugar. De hecho, el pasado mes de mayo\u00a0fueron <a href=\"http:\/\/www.elperiodico.com\/es\/noticias\/barcelona\/detenido-segundo-mantero-golpear-guardia-urbana-port-vell-5163092\">detenidos tres vendedores irregulares por haber agredido\u00a0a un agente.<\/a><\/p>\n<p>Otra pol\u00e9mica relacionada con este colectivo se produjo debido a <a href=\"http:\/\/www.elperiodico.com\/es\/noticias\/sociedad\/gargante-concejal-cup-guardia-urbana-manteros-top-manta-venda-ambulante-barcelona-5035116\">las presuntas presiones sobre un m\u00e9dico que ejerci\u00f3 el concejal de la CUP Josep Gargant\u00e9<\/a> con el fin de que cambiara el informe de la atenci\u00f3n que prest\u00f3 a un mantero.<\/p>\n<h3>OPERACIONES CONJUNTAS<\/h3>\n<p>Este tipo de operaciones conjuntas contra el &#8216;top manta&#8217;\u00a0se empezaron a activar en noviembre pasado, una vez se solventaron los flecos burocr\u00e1ticos para poder dar cabida a los Mossos d&#8217;Esquadra en el dispositivo, ya que la polic\u00eda catalana no figura en los <strong>convenios<\/strong>entre la Polic\u00eda Portuaria y la Urbana.<\/p>\n<p>En estos dispositivos, los agentes se limitan a mantener una presencia <strong>policial en puntos clave<\/strong> y a remojar la zona ocupada habitualmente por los manteros, para limpiarla y para impedir que la vuelvan a ocupar.    \t<\/p>\n","protected":false},"excerpt":{"rendered":"<p>Los Mossos d&#8217;Esquadra, la Gu\u00e0rdia Urbana de Barcelona y la Polic\u00eda Portuaria han ocupado este lunes\u00a0el espacio que habitualmente utilizan los manteros ante el Palau de Mar,\u00a0para reducir su presencia &#8230; <\/p>\n<p class=\"read-more-container\"><a title=\"Dispositivo policial para reducir la aglomeraci\u00f3n de manteros en el Port Vell\" class=\"read-more button\" href=\"https:\/\/ccoo.app\/ajuntamentbarcelona\/dispositivo-policial-para-reducir-la-aglomeracion-de-manteros-en-el-port-vell\/#more-9763\" aria-label=\"M\u00e9s informaci\u00f3 sobre Dispositivo policial para reducir la aglomeraci\u00f3n de manteros en el Port Vell\">Llegeix-ne m\u00e9s \u00bb<\/a><\/p>\n","protected":false},"author":97114,"featured_media":9558,"comment_status":"open","ping_status":"open","sticky":false,"template":"","format":"standard","meta":{"footnotes":""},"categories":[303],"tags":[],"class_list":["post-9763","post","type-post","status-publish","format-standard","has-post-thumbnail","hentry","category-guardia-urbana","generate-columns","tablet-grid-50","mobile-grid-100","grid-parent","grid-33"],"_links":{"self":[{"href":"https:\/\/ccoo.app\/ajuntamentbarcelona\/wp-json\/wp\/v2\/posts\/9763","targetHints":{"allow":["GET"]}}],"collection":[{"href":"https:\/\/ccoo.app\/ajuntamentbarcelona\/wp-json\/wp\/v2\/posts"}],"about":[{"href":"https:\/\/ccoo.app\/ajuntamentbarcelona\/wp-json\/wp\/v2\/types\/post"}],"author":[{"embeddable":true,"href":"https:\/\/ccoo.app\/ajuntamentbarcelona\/wp-json\/wp\/v2\/users\/97114"}],"replies":[{"embeddable":true,"href":"https:\/\/ccoo.app\/ajuntamentbarcelona\/wp-json\/wp\/v2\/comments?post=9763"}],"version-history":[{"count":0,"href":"https:\/\/ccoo.app\/ajuntamentbarcelona\/wp-json\/wp\/v2\/posts\/9763\/revisions"}],"wp:featuredmedia":[{"embeddable":true,"href":"https:\/\/ccoo.app\/ajuntamentbarcelona\/wp-json\/wp\/v2\/media\/9558"}],"wp:attachment":[{"href":"https:\/\/ccoo.app\/ajuntamentbarcelona\/wp-json\/wp\/v2\/media?parent=9763"}],"wp:term":[{"taxonomy":"category","embeddable":true,"href":"https:\/\/ccoo.app\/ajuntamentbarcelona\/wp-json\/wp\/v2\/categories?post=9763"},{"taxonomy":"post_tag","embeddable":true,"href":"https:\/\/ccoo.app\/ajuntamentbarcelona\/wp-json\/wp\/v2\/tags?post=9763"}],"curies":[{"name":"wp","href":"https:\/\/api.w.org\/{rel}","templated":true}]}}