{"id":958,"date":"2016-09-01T09:03:42","date_gmt":"2016-09-01T08:03:42","guid":{"rendered":"https:\/\/ccoo.app\/ajuntamentbarcelona\/?p=958"},"modified":"2016-09-01T09:03:42","modified_gmt":"2016-09-01T08:03:42","slug":"ccoo-reivindicara-la-catalunya-social-la-diada-l11-setembre","status":"publish","type":"post","link":"https:\/\/ccoo.app\/ajuntamentbarcelona\/ccoo-reivindicara-la-catalunya-social-la-diada-l11-setembre\/","title":{"rendered":"CCOO reivindicar\u00e0 la Catalunya social en la Diada de l&#8217;11 de setembre"},"content":{"rendered":"<p><img loading=\"lazy\" decoding=\"async\" class=\"size-medium wp-image-959 alignleft\" src=\"http:\/\/ccoo.app\/ajuntamentbarcelona\/wp-content\/blogs.dir\/6\/files\/sites\/228\/2016\/09\/banderes_ccoo_catalunya_11_setembre_-300x225.png\" alt=\"banderes_ccoo_catalunya_11_setembre_\" width=\"300\" height=\"225\" \/>Un any m\u00e9s, CCOO de Catalunya participar\u00e0 en els actes de la Diada Nacional, el proper 11 de Setembre. I un cop m\u00e9s ho far\u00e0 amb la UGT i les entitats que conformen la <strong>campanya \u201cPer una Catalunya Social\u201d<\/strong>, amb les quals realitzar\u00e0 la tradicional <strong>ofrena floral al monument de Rafael Casanova amb la reivindicaci\u00f3 de la Catalunya social i el dret a decidir de la ciutadania sobre el seu futur<\/strong>. A m\u00e9s, tamb\u00e9 es reclamar\u00e0 l&#8217;aturada de les pol\u00edtiques de retallades socials que patim a Catalunya des de fa anys.<\/p>\n<p>El lema torna a ser un any m\u00e9s<strong> \u201cPer una Catalunya social, #jovulldecidir\u201d<\/strong>. La convocat\u00f2ria de CCOO de Catalunya \u00e9s a les <strong>8.30 hores a la ronda de Sant Pere amb el carrer Girona<\/strong> (cantonada mar) de Barcelona. Joan Carles Gallego, secretari general de CCOO de Catalunya, encap\u00e7alar\u00e0 la delegaci\u00f3 del sindicat.<\/p>\n<p>A banda,\u00a0el dijous 8 de setembre\u00a0CCOO de Catalunya ha organitzat el <a href=\"http:\/\/www.ccoo.cat\/aspnet\/agenda_acte.aspx?id=54003\" target=\"_blank\" rel=\"noopener\">debat al voltant d&#8217;una &#8216;Carta de drets socials i laborals&#8217; a Catalunya<\/a>\u00a0que\u00a0comptar\u00e0 amb les intervencions d&#8217;Eduardo Rojo\u00a0i Carolina Gala,\u00a0catedr\u00e0tics de Dret del Treball i Seguretat Social de la UAB.<\/p>\n","protected":false},"excerpt":{"rendered":"<p>Un any m\u00e9s, CCOO de Catalunya participar\u00e0 en els actes de la Diada Nacional, el proper 11 de Setembre. I un cop m\u00e9s ho far\u00e0 amb la UGT i les &#8230; <\/p>\n<p class=\"read-more-container\"><a title=\"CCOO reivindicar\u00e0 la Catalunya social en la Diada de l&#8217;11 de setembre\" class=\"read-more button\" href=\"https:\/\/ccoo.app\/ajuntamentbarcelona\/ccoo-reivindicara-la-catalunya-social-la-diada-l11-setembre\/#more-958\" aria-label=\"M\u00e9s informaci\u00f3 sobre CCOO reivindicar\u00e0 la Catalunya social en la Diada de l&#8217;11 de setembre\">Llegeix-ne m\u00e9s \u00bb<\/a><\/p>\n","protected":false},"author":97112,"featured_media":959,"comment_status":"open","ping_status":"open","sticky":false,"template":"","format":"standard","meta":{"footnotes":""},"categories":[304],"tags":[],"class_list":["post-958","post","type-post","status-publish","format-standard","has-post-thumbnail","hentry","category-ajuntament","generate-columns","tablet-grid-50","mobile-grid-100","grid-parent","grid-33"],"_links":{"self":[{"href":"https:\/\/ccoo.app\/ajuntamentbarcelona\/wp-json\/wp\/v2\/posts\/958","targetHints":{"allow":["GET"]}}],"collection":[{"href":"https:\/\/ccoo.app\/ajuntamentbarcelona\/wp-json\/wp\/v2\/posts"}],"about":[{"href":"https:\/\/ccoo.app\/ajuntamentbarcelona\/wp-json\/wp\/v2\/types\/post"}],"author":[{"embeddable":true,"href":"https:\/\/ccoo.app\/ajuntamentbarcelona\/wp-json\/wp\/v2\/users\/97112"}],"replies":[{"embeddable":true,"href":"https:\/\/ccoo.app\/ajuntamentbarcelona\/wp-json\/wp\/v2\/comments?post=958"}],"version-history":[{"count":0,"href":"https:\/\/ccoo.app\/ajuntamentbarcelona\/wp-json\/wp\/v2\/posts\/958\/revisions"}],"wp:featuredmedia":[{"embeddable":true,"href":"https:\/\/ccoo.app\/ajuntamentbarcelona\/wp-json\/wp\/v2\/media\/959"}],"wp:attachment":[{"href":"https:\/\/ccoo.app\/ajuntamentbarcelona\/wp-json\/wp\/v2\/media?parent=958"}],"wp:term":[{"taxonomy":"category","embeddable":true,"href":"https:\/\/ccoo.app\/ajuntamentbarcelona\/wp-json\/wp\/v2\/categories?post=958"},{"taxonomy":"post_tag","embeddable":true,"href":"https:\/\/ccoo.app\/ajuntamentbarcelona\/wp-json\/wp\/v2\/tags?post=958"}],"curies":[{"name":"wp","href":"https:\/\/api.w.org\/{rel}","templated":true}]}}