{"id":938,"date":"2016-08-26T14:47:02","date_gmt":"2016-08-26T13:47:02","guid":{"rendered":"https:\/\/ccoo.app\/ajuntamentbarcelona\/?p=938"},"modified":"2016-08-26T14:47:02","modified_gmt":"2016-08-26T13:47:02","slug":"ccoo-catalunya-celebrara-la-3a-diada-del-treball-digne-la-platja-del-callao-mataro","status":"publish","type":"post","link":"https:\/\/ccoo.app\/ajuntamentbarcelona\/ccoo-catalunya-celebrara-la-3a-diada-del-treball-digne-la-platja-del-callao-mataro\/","title":{"rendered":"CCOO de Catalunya celebrar\u00e0 la 3a Diada del Treball Digne a la platja del Callao de Matar\u00f3"},"content":{"rendered":"<p><img loading=\"lazy\" decoding=\"async\" class=\"wp-image-939 alignleft\" src=\"http:\/\/ccoo.app\/ajuntamentbarcelona\/wp-content\/blogs.dir\/6\/files\/sites\/228\/2016\/08\/cartell-diada-2016-207x300.jpg\" alt=\"cartell diada 2016\" width=\"292\" height=\"423\" srcset=\"https:\/\/ccoo.app\/ajuntamentbarcelona\/wp-content\/blogs.dir\/6\/files\/sites\/228\/2016\/08\/cartell-diada-2016-207x300.jpg 207w, https:\/\/ccoo.app\/ajuntamentbarcelona\/wp-content\/blogs.dir\/6\/files\/sites\/228\/2016\/08\/cartell-diada-2016-706x1024.jpg 706w, https:\/\/ccoo.app\/ajuntamentbarcelona\/wp-content\/blogs.dir\/6\/files\/sites\/228\/2016\/08\/cartell-diada-2016-768x1114.jpg 768w, https:\/\/ccoo.app\/ajuntamentbarcelona\/wp-content\/blogs.dir\/6\/files\/sites\/228\/2016\/08\/cartell-diada-2016-1059x1536.jpg 1059w, https:\/\/ccoo.app\/ajuntamentbarcelona\/wp-content\/blogs.dir\/6\/files\/sites\/228\/2016\/08\/cartell-diada-2016-1412x2048.jpg 1412w, https:\/\/ccoo.app\/ajuntamentbarcelona\/wp-content\/blogs.dir\/6\/files\/sites\/228\/2016\/08\/cartell-diada-2016.jpg 1535w\" sizes=\"auto, (max-width: 292px) 100vw, 292px\" \/><\/p>\n<p>&nbsp;<\/p>\n<p>Com ja us vam informar a principi d&#8217;estiu, el dissabte 17 de setembre CCOO de Catalunya celebrar\u00e0 la 3a Diada del Treball Digne a la platja del Callao de Matar\u00f3. Una jornada que vol ser festiva i reivindicativa, i un espai de trobada per a la gent de CCOO de Catalunya a l&#8217;inici del curs sindical.<\/p>\n<p>\u00c9s una jornada oberta al conjunt d&#8217;afiliats i afiliades a CCOO. En el transcurs de l&#8217;acte hi haur\u00e0 un reconeixement a la fidelitat de les persones que fa 25 anys que s\u00f3n afiliades i una paella popular. Us adjuntem el cartell de la diada.<\/p>\n<p>Ja estan a la venda els bons d&#8217;ajut per fer la reserva del dinar. Com \u00e9s habitual, la distribuci\u00f3 dels bons \u00e9s a trav\u00e9s de les unions intercomarcals. Per la gent de la FSC del Barcelon\u00e8s, estan a la vostra disposici\u00f3 a l&#8217;\u00c0rea d&#8217;Organitzaci\u00f3 de la Federaci\u00f3. El preu \u00e9s de 10 euros (menors de 12 anys, gratis). Esperem les vostres reserves.<\/p>\n","protected":false},"excerpt":{"rendered":"<p>&nbsp; Com ja us vam informar a principi d&#8217;estiu, el dissabte 17 de setembre CCOO de Catalunya celebrar\u00e0 la 3a Diada del Treball Digne a la platja del Callao de &#8230; <\/p>\n<p class=\"read-more-container\"><a title=\"CCOO de Catalunya celebrar\u00e0 la 3a Diada del Treball Digne a la platja del Callao de Matar\u00f3\" class=\"read-more button\" href=\"https:\/\/ccoo.app\/ajuntamentbarcelona\/ccoo-catalunya-celebrara-la-3a-diada-del-treball-digne-la-platja-del-callao-mataro\/#more-938\" aria-label=\"M\u00e9s informaci\u00f3 sobre CCOO de Catalunya celebrar\u00e0 la 3a Diada del Treball Digne a la platja del Callao de Matar\u00f3\">Llegeix-ne m\u00e9s \u00bb<\/a><\/p>\n","protected":false},"author":97112,"featured_media":939,"comment_status":"open","ping_status":"open","sticky":false,"template":"","format":"standard","meta":{"footnotes":""},"categories":[304],"tags":[],"class_list":["post-938","post","type-post","status-publish","format-standard","has-post-thumbnail","hentry","category-ajuntament","generate-columns","tablet-grid-50","mobile-grid-100","grid-parent","grid-33"],"_links":{"self":[{"href":"https:\/\/ccoo.app\/ajuntamentbarcelona\/wp-json\/wp\/v2\/posts\/938","targetHints":{"allow":["GET"]}}],"collection":[{"href":"https:\/\/ccoo.app\/ajuntamentbarcelona\/wp-json\/wp\/v2\/posts"}],"about":[{"href":"https:\/\/ccoo.app\/ajuntamentbarcelona\/wp-json\/wp\/v2\/types\/post"}],"author":[{"embeddable":true,"href":"https:\/\/ccoo.app\/ajuntamentbarcelona\/wp-json\/wp\/v2\/users\/97112"}],"replies":[{"embeddable":true,"href":"https:\/\/ccoo.app\/ajuntamentbarcelona\/wp-json\/wp\/v2\/comments?post=938"}],"version-history":[{"count":0,"href":"https:\/\/ccoo.app\/ajuntamentbarcelona\/wp-json\/wp\/v2\/posts\/938\/revisions"}],"wp:featuredmedia":[{"embeddable":true,"href":"https:\/\/ccoo.app\/ajuntamentbarcelona\/wp-json\/wp\/v2\/media\/939"}],"wp:attachment":[{"href":"https:\/\/ccoo.app\/ajuntamentbarcelona\/wp-json\/wp\/v2\/media?parent=938"}],"wp:term":[{"taxonomy":"category","embeddable":true,"href":"https:\/\/ccoo.app\/ajuntamentbarcelona\/wp-json\/wp\/v2\/categories?post=938"},{"taxonomy":"post_tag","embeddable":true,"href":"https:\/\/ccoo.app\/ajuntamentbarcelona\/wp-json\/wp\/v2\/tags?post=938"}],"curies":[{"name":"wp","href":"https:\/\/api.w.org\/{rel}","templated":true}]}}