{"id":886,"date":"2016-06-27T11:06:36","date_gmt":"2016-06-27T10:06:36","guid":{"rendered":"https:\/\/ccoo.app\/ajuntamentbarcelona\/?p=886"},"modified":"2016-06-27T11:06:36","modified_gmt":"2016-06-27T10:06:36","slug":"noves-ofertes-destiu-morillo-tou","status":"publish","type":"post","link":"https:\/\/ccoo.app\/ajuntamentbarcelona\/noves-ofertes-destiu-morillo-tou\/","title":{"rendered":"Noves ofertes d&#8217;estiu a Morillo de Tou"},"content":{"rendered":"<p><span style=\"font-family: 'trebuchet ms', sans-serif;font-size: large\">Estimada\/o comapa\u00f1era\/o<\/span><\/p>\n<div><span style=\"font-family: 'trebuchet ms', sans-serif;font-size: large\">\u00a0<\/span><\/div>\n<div><span style=\"font-family: 'trebuchet ms', sans-serif;font-size: large\">Ya ha llegado el verano y Morillo de Tou entra en plena actividad y quer\u00edamos informaros. Por un lado, ya est\u00e1 abierta la piscina y tendremos animaci\u00f3n infantil la \u00faltima semana de junio.<\/span><\/div>\n<div><span style=\"font-family: 'trebuchet ms', sans-serif;font-size: large\">\u00a0<\/span><\/div>\n<div><span style=\"font-family: 'trebuchet ms', sans-serif;font-size: large\">Por otro lado, del 30 de junio al \u00a03 de julio tendr\u00e1 lugar la tercera edici\u00f3n del Pirineos Jazz Festival en el pueblo recuperado por CCOO. Este acontecimiento se ha consolidado y marca el inicio del verano en el Pirineo.<\/span><\/div>\n<div><span style=\"font-family: 'trebuchet ms', sans-serif;font-size: large\">\u00a0<\/span><\/div>\n<div><span style=\"font-family: 'trebuchet ms', sans-serif;font-size: large\">Por \u00faltimo, informarte que hemos preparado una propuesta para las familias monoparentales durante el mes de julio.\u00a0<\/span><\/div>\n<div><span style=\"font-family: 'trebuchet ms', sans-serif;font-size: large\">\u00a0<\/span><\/div>\n<div><span style=\"font-family: 'trebuchet ms', sans-serif;font-size: large\">Esperamos que estas propuestas sean de tu inter\u00e9s.<\/span><\/div>\n<div><\/div>\n<div><\/div>\n<div><img loading=\"lazy\" decoding=\"async\" class=\"alignnone size-medium wp-image-887 alignleft\" src=\"http:\/\/ccoo.app\/ajuntamentbarcelona\/wp-content\/blogs.dir\/6\/files\/sites\/228\/2016\/06\/Festival-Jazz-214x300.jpg\" alt=\"Maquetaci\u00f3n 1\" width=\"214\" height=\"300\" srcset=\"https:\/\/ccoo.app\/ajuntamentbarcelona\/wp-content\/blogs.dir\/6\/files\/sites\/228\/2016\/06\/Festival-Jazz-214x300.jpg 214w, https:\/\/ccoo.app\/ajuntamentbarcelona\/wp-content\/blogs.dir\/6\/files\/sites\/228\/2016\/06\/Festival-Jazz-731x1024.jpg 731w, https:\/\/ccoo.app\/ajuntamentbarcelona\/wp-content\/blogs.dir\/6\/files\/sites\/228\/2016\/06\/Festival-Jazz-768x1076.jpg 768w, https:\/\/ccoo.app\/ajuntamentbarcelona\/wp-content\/blogs.dir\/6\/files\/sites\/228\/2016\/06\/Festival-Jazz-1097x1536.jpg 1097w, https:\/\/ccoo.app\/ajuntamentbarcelona\/wp-content\/blogs.dir\/6\/files\/sites\/228\/2016\/06\/Festival-Jazz.jpg 1181w\" sizes=\"auto, (max-width: 214px) 100vw, 214px\" \/> <img loading=\"lazy\" decoding=\"async\" class=\"alignnone size-medium wp-image-888 alignleft\" src=\"http:\/\/ccoo.app\/ajuntamentbarcelona\/wp-content\/blogs.dir\/6\/files\/sites\/228\/2016\/06\/Oferta-Monoparentales-CCOO-2016-Morillo-de-Tou-212x300.jpg\" alt=\"Oferta Monoparentales CCOO 2016 - Morillo de Tou\" width=\"212\" height=\"300\" srcset=\"https:\/\/ccoo.app\/ajuntamentbarcelona\/wp-content\/blogs.dir\/6\/files\/sites\/228\/2016\/06\/Oferta-Monoparentales-CCOO-2016-Morillo-de-Tou-212x300.jpg 212w, https:\/\/ccoo.app\/ajuntamentbarcelona\/wp-content\/blogs.dir\/6\/files\/sites\/228\/2016\/06\/Oferta-Monoparentales-CCOO-2016-Morillo-de-Tou-724x1024.jpg 724w, https:\/\/ccoo.app\/ajuntamentbarcelona\/wp-content\/blogs.dir\/6\/files\/sites\/228\/2016\/06\/Oferta-Monoparentales-CCOO-2016-Morillo-de-Tou-768x1086.jpg 768w, https:\/\/ccoo.app\/ajuntamentbarcelona\/wp-content\/blogs.dir\/6\/files\/sites\/228\/2016\/06\/Oferta-Monoparentales-CCOO-2016-Morillo-de-Tou-1086x1536.jpg 1086w, https:\/\/ccoo.app\/ajuntamentbarcelona\/wp-content\/blogs.dir\/6\/files\/sites\/228\/2016\/06\/Oferta-Monoparentales-CCOO-2016-Morillo-de-Tou.jpg 1240w\" sizes=\"auto, (max-width: 212px) 100vw, 212px\" \/> <img loading=\"lazy\" decoding=\"async\" class=\"alignnone size-medium wp-image-889 alignleft\" src=\"http:\/\/ccoo.app\/ajuntamentbarcelona\/wp-content\/blogs.dir\/6\/files\/sites\/228\/2016\/06\/Ultima-semana-Junio-Pirineo-212x300.jpg\" alt=\"Ultima semana Junio Pirineo\" width=\"212\" height=\"300\" srcset=\"https:\/\/ccoo.app\/ajuntamentbarcelona\/wp-content\/blogs.dir\/6\/files\/sites\/228\/2016\/06\/Ultima-semana-Junio-Pirineo-212x300.jpg 212w, https:\/\/ccoo.app\/ajuntamentbarcelona\/wp-content\/blogs.dir\/6\/files\/sites\/228\/2016\/06\/Ultima-semana-Junio-Pirineo-723x1024.jpg 723w, https:\/\/ccoo.app\/ajuntamentbarcelona\/wp-content\/blogs.dir\/6\/files\/sites\/228\/2016\/06\/Ultima-semana-Junio-Pirineo-768x1088.jpg 768w, https:\/\/ccoo.app\/ajuntamentbarcelona\/wp-content\/blogs.dir\/6\/files\/sites\/228\/2016\/06\/Ultima-semana-Junio-Pirineo-1084x1536.jpg 1084w, https:\/\/ccoo.app\/ajuntamentbarcelona\/wp-content\/blogs.dir\/6\/files\/sites\/228\/2016\/06\/Ultima-semana-Junio-Pirineo.jpg 1188w\" sizes=\"auto, (max-width: 212px) 100vw, 212px\" \/><\/div>\n","protected":false},"excerpt":{"rendered":"<p>Estimada\/o comapa\u00f1era\/o \u00a0 Ya ha llegado el verano y Morillo de Tou entra en plena actividad y quer\u00edamos informaros. Por un lado, ya est\u00e1 abierta la piscina y tendremos animaci\u00f3n &#8230; <\/p>\n<p class=\"read-more-container\"><a title=\"Noves ofertes d&#8217;estiu a Morillo de Tou\" class=\"read-more button\" href=\"https:\/\/ccoo.app\/ajuntamentbarcelona\/noves-ofertes-destiu-morillo-tou\/#more-886\" aria-label=\"M\u00e9s informaci\u00f3 sobre Noves ofertes d&#8217;estiu a Morillo de Tou\">Llegeix-ne m\u00e9s \u00bb<\/a><\/p>\n","protected":false},"author":97112,"featured_media":889,"comment_status":"open","ping_status":"open","sticky":false,"template":"","format":"standard","meta":{"footnotes":""},"categories":[304,306],"tags":[],"class_list":["post-886","post","type-post","status-publish","format-standard","has-post-thumbnail","hentry","category-ajuntament","category-lleure","generate-columns","tablet-grid-50","mobile-grid-100","grid-parent","grid-33"],"_links":{"self":[{"href":"https:\/\/ccoo.app\/ajuntamentbarcelona\/wp-json\/wp\/v2\/posts\/886","targetHints":{"allow":["GET"]}}],"collection":[{"href":"https:\/\/ccoo.app\/ajuntamentbarcelona\/wp-json\/wp\/v2\/posts"}],"about":[{"href":"https:\/\/ccoo.app\/ajuntamentbarcelona\/wp-json\/wp\/v2\/types\/post"}],"author":[{"embeddable":true,"href":"https:\/\/ccoo.app\/ajuntamentbarcelona\/wp-json\/wp\/v2\/users\/97112"}],"replies":[{"embeddable":true,"href":"https:\/\/ccoo.app\/ajuntamentbarcelona\/wp-json\/wp\/v2\/comments?post=886"}],"version-history":[{"count":0,"href":"https:\/\/ccoo.app\/ajuntamentbarcelona\/wp-json\/wp\/v2\/posts\/886\/revisions"}],"wp:featuredmedia":[{"embeddable":true,"href":"https:\/\/ccoo.app\/ajuntamentbarcelona\/wp-json\/wp\/v2\/media\/889"}],"wp:attachment":[{"href":"https:\/\/ccoo.app\/ajuntamentbarcelona\/wp-json\/wp\/v2\/media?parent=886"}],"wp:term":[{"taxonomy":"category","embeddable":true,"href":"https:\/\/ccoo.app\/ajuntamentbarcelona\/wp-json\/wp\/v2\/categories?post=886"},{"taxonomy":"post_tag","embeddable":true,"href":"https:\/\/ccoo.app\/ajuntamentbarcelona\/wp-json\/wp\/v2\/tags?post=886"}],"curies":[{"name":"wp","href":"https:\/\/api.w.org\/{rel}","templated":true}]}}