{"id":882,"date":"2016-06-22T10:08:07","date_gmt":"2016-06-22T09:08:07","guid":{"rendered":"https:\/\/ccoo.app\/ajuntamentbarcelona\/?p=882"},"modified":"2016-06-22T10:08:07","modified_gmt":"2016-06-22T09:08:07","slug":"ccoo-torna-guanyar-les-eleccions-sindicals-linstitut-municipal-parcs-i-jardins-barcelona","status":"publish","type":"post","link":"https:\/\/ccoo.app\/ajuntamentbarcelona\/ccoo-torna-guanyar-les-eleccions-sindicals-linstitut-municipal-parcs-i-jardins-barcelona\/","title":{"rendered":"CCOO torna a guanyar les eleccions sindicals a l&#8217;Institut Municipal de Parcs i Jardins de Barcelona"},"content":{"rendered":"<p><img loading=\"lazy\" decoding=\"async\" class=\"size-full wp-image-883 alignleft\" src=\"http:\/\/ccoo.app\/ajuntamentbarcelona\/wp-content\/blogs.dir\/6\/files\/sites\/228\/2016\/06\/parcsijardins.jpg\" alt=\"parcsijardins\" width=\"283\" height=\"178\" \/><\/p>\n<p>CCOO, un cop m\u00e9s, ha rebut el suport majoritari de la plantilla de l&#8217;Institut Municipal de Parcs i Jardins de Barcelona, essent la for\u00e7a m\u00e9s votada amb el 43,26 % dels vots. CCOO continuar\u00e0 treballant en defensa del servei p\u00fablic, del conveni i dels drets laborals i socials, i promovent la unitat d&#8217;acci\u00f3 en el comit\u00e8 d&#8217;empresa.<\/p>\n<p>Les eleccions sindicals a Parcs i Jardins han donat un total de 10 delegats i delegades per a CCOO. Aquest fet ha incrementat en 2 delegats m\u00e9s respecte del proc\u00e9s anterior, i s&#8217;ha ampliat aix\u00ed el seu diferencial en relaci\u00f3 amb la resta d&#8217;organitzacions sindicals.<\/p>\n<p>QUADRE DE RESULTATS:<br \/>\n2012; \u00a0 \u00a0 \u00a0 \u00a0 \u00a0 \u00a0 2016<br \/>\nCCOO \u00a0 \u00a0 \u00a0 \u00a0 \u00a0 \u00a08 \u00a0 \u00a0 \u00a0 \u00a0 \u00a0 \u00a0 \u00a0 \u00a0 \u00a0 10<br \/>\nCGT \u00a0 \u00a0 \u00a0 \u00a0 \u00a0 \u00a0 \u00a05 \u00a0 \u00a0 \u00a0 \u00a0 \u00a0 \u00a0 \u00a0 \u00a0 \u00a05<br \/>\nUGT \u00a0 \u00a0 \u00a0 \u00a0 \u00a0 \u00a0 \u00a05 \u00a0 \u00a0 \u00a0 \u00a0 \u00a0 \u00a0 \u00a0 \u00a0 \u00a03<br \/>\nUSOC \u00a0 \u00a0 \u00a0 \u00a0 \u00a0 \u00a0 \u00a03 \u00a0 \u00a0 \u00a0 \u00a0 \u00a0 \u00a0 \u00a0 \u00a0 3<\/p>\n<p>Oficina de Premsa de CCOO de Catalunya<br \/>\nBarcelona, 21 de juny de 2016<\/p>\n<div class=\"peunoticia\"><span id=\"ctl00_ContentPlaceHolder1_noticia1_lbSignatura\">21\/06\/2016<\/span><\/div>\n","protected":false},"excerpt":{"rendered":"<p>CCOO, un cop m\u00e9s, ha rebut el suport majoritari de la plantilla de l&#8217;Institut Municipal de Parcs i Jardins de Barcelona, essent la for\u00e7a m\u00e9s votada amb el 43,26 % &#8230; <\/p>\n<p class=\"read-more-container\"><a title=\"CCOO torna a guanyar les eleccions sindicals a l&#8217;Institut Municipal de Parcs i Jardins de Barcelona\" class=\"read-more button\" href=\"https:\/\/ccoo.app\/ajuntamentbarcelona\/ccoo-torna-guanyar-les-eleccions-sindicals-linstitut-municipal-parcs-i-jardins-barcelona\/#more-882\" aria-label=\"M\u00e9s informaci\u00f3 sobre CCOO torna a guanyar les eleccions sindicals a l&#8217;Institut Municipal de Parcs i Jardins de Barcelona\">Llegeix-ne m\u00e9s \u00bb<\/a><\/p>\n","protected":false},"author":97112,"featured_media":883,"comment_status":"open","ping_status":"open","sticky":false,"template":"","format":"standard","meta":{"footnotes":""},"categories":[304],"tags":[],"class_list":["post-882","post","type-post","status-publish","format-standard","has-post-thumbnail","hentry","category-ajuntament","generate-columns","tablet-grid-50","mobile-grid-100","grid-parent","grid-33"],"_links":{"self":[{"href":"https:\/\/ccoo.app\/ajuntamentbarcelona\/wp-json\/wp\/v2\/posts\/882","targetHints":{"allow":["GET"]}}],"collection":[{"href":"https:\/\/ccoo.app\/ajuntamentbarcelona\/wp-json\/wp\/v2\/posts"}],"about":[{"href":"https:\/\/ccoo.app\/ajuntamentbarcelona\/wp-json\/wp\/v2\/types\/post"}],"author":[{"embeddable":true,"href":"https:\/\/ccoo.app\/ajuntamentbarcelona\/wp-json\/wp\/v2\/users\/97112"}],"replies":[{"embeddable":true,"href":"https:\/\/ccoo.app\/ajuntamentbarcelona\/wp-json\/wp\/v2\/comments?post=882"}],"version-history":[{"count":0,"href":"https:\/\/ccoo.app\/ajuntamentbarcelona\/wp-json\/wp\/v2\/posts\/882\/revisions"}],"wp:featuredmedia":[{"embeddable":true,"href":"https:\/\/ccoo.app\/ajuntamentbarcelona\/wp-json\/wp\/v2\/media\/883"}],"wp:attachment":[{"href":"https:\/\/ccoo.app\/ajuntamentbarcelona\/wp-json\/wp\/v2\/media?parent=882"}],"wp:term":[{"taxonomy":"category","embeddable":true,"href":"https:\/\/ccoo.app\/ajuntamentbarcelona\/wp-json\/wp\/v2\/categories?post=882"},{"taxonomy":"post_tag","embeddable":true,"href":"https:\/\/ccoo.app\/ajuntamentbarcelona\/wp-json\/wp\/v2\/tags?post=882"}],"curies":[{"name":"wp","href":"https:\/\/api.w.org\/{rel}","templated":true}]}}