{"id":8361,"date":"2019-04-01T08:16:34","date_gmt":"2019-04-01T07:16:34","guid":{"rendered":"https:\/\/ccoo.app\/ajuntamentbarcelona\/?p=4042"},"modified":"2019-04-01T08:16:34","modified_gmt":"2019-04-01T07:16:34","slug":"a-que-espera-lajuntament-de-barcelona-a-fer-el-pagament-dels-interessos-de-l1","status":"publish","type":"post","link":"https:\/\/ccoo.app\/ajuntamentbarcelona\/a-que-espera-lajuntament-de-barcelona-a-fer-el-pagament-dels-interessos-de-l1\/","title":{"rendered":"A qu\u00e8 espera l&#8217;Ajuntament de Barcelona a fer el pagament dels interessos de l&#8217;1%?"},"content":{"rendered":"<p><img loading=\"lazy\" decoding=\"async\" class=\"aligncenter wp-image-4043 size-large\" src=\"https:\/\/bombers-barcelona.ccoo.cat\/wp-content\/uploads\/sites\/28\/2019\/04\/plenari2_2017_ajb_ccoo-1-1024x746.jpg\" alt=\"\" width=\"1024\" height=\"746\" \/><\/p>\n<p>&nbsp;<\/p>\n<p><a href=\"https:\/\/ccoo.app\/ajuntamentbarcelona\/\" target=\"_blank\" rel=\"noopener noreferrer\">Des de CCOO us informem<\/a> que a l&#8217;ordre del dia del plenari d&#8217;aquest divendres, hem comprovat que no hi figura el pagament dels interessos de l&#8217;1%.<\/p>\n<p>La sent\u00e8ncia es ferma, cada dia costa m\u00e9s diners, no estem parlant de 5 c\u00e8ntims.<\/p>\n<p>Des de CCOO a partir de les consultes que se&#8217;ns han fet sobre quin ser\u00e0 l&#8217;import a percebre per la plantilla, no donarem una informaci\u00f3 err\u00f2nia, el que si farem quan s&#8217;efectu\u00ef el pagament, \u00e9s comprovar tal com vam fer amb la sent\u00e8ncia de l&#8217;1%, que el pagament sigui correcte i d&#8217;acord amb la sent\u00e8ncia.<\/p>\n<p>Perqu\u00e8 no volem donar una informaci\u00f3 err\u00f2nia i perqu\u00e8 estem parlant de molts diners, CCOO estem treballant sobre el c\u00e0lcul, per\u00f2 en aquest influeixen molts conceptes individuals, com l&#8217;antiguitat, el dest\u00ed, el complement espec\u00edfic, etc.<\/p>\n<p>Us adjuntem la sol\u00b7licitud del certificat de fermesa de la sent\u00e8ncia, que hem demanat al jutjat (hem tret noms per la llei de protecci\u00f3 de dades).<\/p>\n<p><a href=\"https:\/\/bombers-barcelona.ccoo.cat\/ccoo-informa-sobre-la-sentencia-dels-interessos-de-l1\/\" target=\"_blank\" rel=\"noopener noreferrer\">Noticia relacionada.<\/a><\/p>\n<p style=\"text-align: center\"><span style=\"color: #ff0000\"><strong>PER RESPONSABILITAT AMB ELS DINERS DE LA CIUTADANIA, RESPECTE A A LA PLANTILLA I OBLIGACI\u00d3 D&#8217;ACOMPLIMENT DE LA SENT\u00c8NCIA DEMANEM QUE L&#8217;AJUNTAMENT FACI EFECTIU AQUEST PAGAMENT JA!<\/strong><\/span><\/p>\n","protected":false},"excerpt":{"rendered":"<p>\t\t\t\tDes de CCOO us informem que a l&#8217;ordre del dia del plenari d&#8217;aquest divendres, hem comprovat que no hi figura el pagament dels interessos de l&#8217;1%.\t\t<\/p>\n","protected":false},"author":97114,"featured_media":4043,"comment_status":"closed","ping_status":"closed","sticky":false,"template":"","format":"standard","meta":{"footnotes":""},"categories":[303],"tags":[],"class_list":["post-8361","post","type-post","status-publish","format-standard","has-post-thumbnail","hentry","category-guardia-urbana","generate-columns","tablet-grid-50","mobile-grid-100","grid-parent","grid-33"],"_links":{"self":[{"href":"https:\/\/ccoo.app\/ajuntamentbarcelona\/wp-json\/wp\/v2\/posts\/8361","targetHints":{"allow":["GET"]}}],"collection":[{"href":"https:\/\/ccoo.app\/ajuntamentbarcelona\/wp-json\/wp\/v2\/posts"}],"about":[{"href":"https:\/\/ccoo.app\/ajuntamentbarcelona\/wp-json\/wp\/v2\/types\/post"}],"author":[{"embeddable":true,"href":"https:\/\/ccoo.app\/ajuntamentbarcelona\/wp-json\/wp\/v2\/users\/97114"}],"replies":[{"embeddable":true,"href":"https:\/\/ccoo.app\/ajuntamentbarcelona\/wp-json\/wp\/v2\/comments?post=8361"}],"version-history":[{"count":0,"href":"https:\/\/ccoo.app\/ajuntamentbarcelona\/wp-json\/wp\/v2\/posts\/8361\/revisions"}],"wp:featuredmedia":[{"embeddable":true,"href":"https:\/\/ccoo.app\/ajuntamentbarcelona\/wp-json\/wp\/v2\/media\/4043"}],"wp:attachment":[{"href":"https:\/\/ccoo.app\/ajuntamentbarcelona\/wp-json\/wp\/v2\/media?parent=8361"}],"wp:term":[{"taxonomy":"category","embeddable":true,"href":"https:\/\/ccoo.app\/ajuntamentbarcelona\/wp-json\/wp\/v2\/categories?post=8361"},{"taxonomy":"post_tag","embeddable":true,"href":"https:\/\/ccoo.app\/ajuntamentbarcelona\/wp-json\/wp\/v2\/tags?post=8361"}],"curies":[{"name":"wp","href":"https:\/\/api.w.org\/{rel}","templated":true}]}}