{"id":8274,"date":"2016-09-08T09:04:22","date_gmt":"2016-09-08T08:04:22","guid":{"rendered":"https:\/\/bombers-barcelona.ccoo.cat\/?p=346"},"modified":"2016-09-08T09:04:22","modified_gmt":"2016-09-08T08:04:22","slug":"barcelona-ultima-la-reapertura-de-la-estacion-de-bomberos-mas-antigua-de-espana","status":"publish","type":"post","link":"https:\/\/ccoo.app\/ajuntamentbarcelona\/barcelona-ultima-la-reapertura-de-la-estacion-de-bomberos-mas-antigua-de-espana\/","title":{"rendered":"Barcelona ultima la reapertura de la estaci\u00f3n de bomberos m\u00e1s antigua de Espa\u00f1a"},"content":{"rendered":"<p><img loading=\"lazy\" decoding=\"async\" class=\"size-medium wp-image-347 alignleft\" src=\"https:\/\/bombers-barcelona.ccoo.cat\/wp-content\/uploads\/sites\/28\/2016\/09\/bomberslleida-300x171.jpg\" alt=\"bomberslleida\" width=\"300\" height=\"171\" \/><\/p>\n<p><a href=\"http:\/\/www.lavanguardia.com\/local\/barcelona\/20160908\/41155712436\/barcelona-ultima-reapertura-estacion-bomberos-mas-antigua-espana.html\">lavanguardia.com<\/a><\/p>\n<p>Los <b>bomberos <\/b>de <b>Barcelona <\/b>est\u00e1n cada vez m\u00e1s de cerca de estrenar nueva casa. La antigua estaci\u00f3n de bomberos de la calle Lleida, en el <b>Poble<\/b><b>Sec<\/b>, que tiene el honor de ser la m\u00e1s antigua de Espa\u00f1a, ultima su reapertura como museo y centro de prevenci\u00f3n de incendios. El Ayuntamiento prev\u00e9 inaugurar este oto\u00f1o el espacio que ya fue anunciado cuando Xavier Trias era alcalde de Barcelona y ha ido retras\u00e1ndose su puesta marcha. Las obras de reforma ya est\u00e1n acabadas, falta el mobiliario y acabar de \u201cconcretar\u201d el proyecto muse\u00edstico que todav\u00eda est\u00e1 \u201cen construcci\u00f3n\u201d, seg\u00fan informan fuentes municipales.<\/p>\n<p>\u201cNo es solo un museo. Es un parque de la prevenci\u00f3n, es un concepto novedoso, ser\u00e1 el primer centro de estas caracter\u00edsticas en Espa\u00f1a. No solo se dirigir\u00e1 a escuelas sino tambi\u00e9n a empresas y gremios promoviendo la prevenci\u00f3n y el conocimiento actualizando los materiales y las nuevas ordenanzas\u201d, explica <b>Salvador <\/b><b>Ferran<\/b>, bombero de 60 a\u00f1os a la puertas de su jubilaci\u00f3n y miembro de la <b>Plataforma <\/b>per a la <b>Defensa <\/b>del <b>Patromoni<\/b><b>Historic <\/b>dels <b>Bombers<\/b>.<\/p>\n<p>Esta reivindicaci\u00f3n del cuerpo viene de lejos desde que se derribara la antigua estaci\u00f3n de bomberos de Proven\u00e7a, en el Eixample, en el 2010. Su puesta en marcha cada vez est\u00e1 m\u00e1s cerca. Uno de los \u00faltimos movimientos ha sido la publicaci\u00f3n de la <b>licitaci\u00f3n <\/b>para adjudicar el contrato de los servicios de gesti\u00f3n t\u00e9cnica del espacio, de informaci\u00f3n y atenci\u00f3n al visitante y pedag\u00f3gico. El presupuesto b\u00e1sico de la licitaci\u00f3n asciende a 239.386 euros (sin IVA) y un valor estimado del contrato de 478.772 (sin IVA).<\/p>\n<p><b>Piezas hist\u00f3ricas<\/b><\/p>\n<p>El edificio se ha rehabilitado de forma integral y se ha puesto en valor sus elementos m\u00e1s caracter\u00edsticos, como el patio de \u00fatiles y la torre de pr\u00e1cticas. En su interior, se ha llevado a cabo una nueva distribuci\u00f3n con cuatro plantas con cerca de 1.500 metros cuadrados construidos.<\/p>\n<p>Uno de los espacios m\u00e1s emblem\u00e1ticos ser\u00e1 el museo de bomberos. Ser\u00e1 muy visual, distribuido en cinco islas, y pondr\u00e1 en valor el patrimonio hist\u00f3rico del cuerpo y su vinculaci\u00f3n con la ciudad durante estos m\u00e1s de 180 a\u00f1os. As\u00ed, habr\u00e1 una colecci\u00f3n de una treintena de piezas hist\u00f3ricas del cuerpo, desde equipos de protecci\u00f3n, botellas de aire, racores antiguos de mangueras hasta veh\u00edculos. Uno de los primeros que se expondr\u00e1n ser\u00e1 la m\u00edtica Genoveva, uno de los primeros veh\u00edculos tanque de los a\u00f1os 20.<\/p>\n<p><img loading=\"lazy\" decoding=\"async\" class=\"wp-image-348 alignleft\" src=\"https:\/\/bombers-barcelona.ccoo.cat\/wp-content\/uploads\/sites\/28\/2016\/09\/imatbomb2-300x225.jpg\" alt=\"imatbomb2\" width=\"407\" height=\"305\" \/><\/p>\n<p>Tambi\u00e9n habr\u00e1 una zona de divulgaci\u00f3n con hemeroteca y mediateca con acceso a los fondos documentales y fotogr\u00e1ficos del cuerpo. \u201cNos da mucha autoestima poner en valor nuestro patrimonio y estamos orgullosos de forma parte de la ciudad, hacer un retorno a los ciudadanos salvando muchas vidas en materia de prevenci\u00f3n\u201d, explica el portavoz de la Plataforma per a la Defensa del Patromoni Historic dels Bombers.<\/p>\n<p><b>Ponerse en la piel de un bombero<\/b><\/p>\n<p>Otra de las novedades es que se crear\u00e1n elementos inmersivos y se permitir\u00e1 al visitante ponerse en la piel de los bomberos y experimentar las sensaciones en caso de emergencias como las de incendios.<\/p>\n<p>Uno de los pilares de este nuevo espacio ser\u00e1 la formaci\u00f3n, dirigidas tanto a escolares como empresas. El centro contar\u00e1 con dos aulas para hacer sesiones informativas, cursos o simposios sobre seguridad y prevenci\u00f3n, adem\u00e1s de promover la investigaci\u00f3n y la divulgaci\u00f3n en este \u00e1mbito.<\/p>\n<p>El centro, que pasar\u00e1 a formar parte de la futura red de espacios culturales de Montju\u00efc, tambi\u00e9n dispondr\u00e1 de una planta altillo como sede social para la Associaci\u00f3 Cultural i Esportiva del cos de Bombers de Barcelona (ACE) y el Cau del Jubilat (CAU).<\/p>\n<p><b>Visitas guiadas y atraer el p\u00fablico turista<\/b><\/p>\n<p>El horario est\u00e1 previsto que sea de 365 d\u00edas al a\u00f1o, de lunes a viernes de 10:00 a 14:00 horas, s\u00e1bados de 10:00 a 15:00 horas\/16:00 a 20:00 horas, y domingo de 10:00 horas a 15:00 horas. Seg\u00fan consta en la licitaci\u00f3n, la empresa adjudicataria tendr\u00e1 que promover visitas guiadas al recinto y centro de interpretaci\u00f3n, as\u00ed como impulsar talleres de p\u00fablico familiar o general, especialmente dirigidos al p\u00fablico infantil el fin de semana o festivo. Adem\u00e1s tendr\u00e1 que organizar visitas guiadas y talleres pedag\u00f3gicos para escolares y programar jornadas profesionales.<\/p>\n<p><img loading=\"lazy\" decoding=\"async\" class=\"wp-image-349 alignleft\" src=\"https:\/\/bombers-barcelona.ccoo.cat\/wp-content\/uploads\/sites\/28\/2016\/09\/imatbombers1-300x226.jpg\" alt=\"imatbombers1\" width=\"410\" height=\"309\" \/><\/p>\n<p>La empresa adjudicataria tambi\u00e9n tendr\u00e1 que presentar un programa de actividades anual, incluida la programaci\u00f3n de exposiciones temporales, dirigida \u201cde forma prioritaria al p\u00fablico local\u201d para incentivar el conocimiento de las medidas de prevenci\u00f3n y autoprotecci\u00f3n. Otro de los objetivos es definir y desarrollar una \u201cpropuesta para atraer visitantes turistas\u201d al nuevo espacio. En concreto, los espacios sujetos a cesi\u00f3n temporal son el espacio de exposici\u00f3n de la planta baja (117 metros cuadrados), salas de formaci\u00f3n en la planta superior (53+37 metros cuadrados), con posibilidad de convertirlas en un \u00fanica sala, y espacio de divulgaci\u00f3n en la planta 1 (87 metros cuadrados).<\/p>\n<p>&nbsp;<\/p>\n<p>Este centro se complementar\u00e1 con la aula de la prevenci\u00f3n del parque de la Vall d\u2019Hebron, donde descansa la colecci\u00f3n hist\u00f3rica de los bomberos con m\u00e1s de 1.000 piezas, y las aulas de formaci\u00f3n de la Zona Franca, un espacio en el que se puede \u201cponer en pr\u00e1ctica el conocimiento con demostraciones de extinci\u00f3n de incendios, rescates y excarcelaciones\u201d, detalla Salvador Ferran.<\/p>\n<div class=\"story-leaf-despiece\">\n<div class=\"story-leaf-despiece-title\">Una parque de bomberos con distintas vidas<\/div>\n<\/div>\n<p>El antiguo parque de bomberos del Poble Sec, en la calle Lleida, n\u00famero 30, se construy\u00f3 en 1929 para la Exposici\u00f3n Internacional. Dise\u00f1ada por el arquitecto Emilio Guti\u00e9rrez, la obra fue ejecutada por Vicens Piulachs con un presupuesto inicial de 351.000 pesetas y un coste total de 404.097 pesetas. Funcion\u00f3 como parque hasta el 2000 y entonces qued\u00f3 vac\u00eda.<\/p>\n<p>En el 2003 se utiliz\u00f3 como sede organizativa para los Juegos Ol\u00edmpicos de Polic\u00edas y Bomberos y en el 2005 fue cedida de manera provisional a la Polic\u00eda Nacional para oficinas y dependencias. El Ayuntamiento la recuper\u00f3 en el 2013 y uno de los puntos controvertidos fue la ampliaci\u00f3n de la escuela Jacint Verdaguer. Por problemas de espacio estaba previsto que el colegio se ampliara utilizando el antiguo parque de bomberos, pero la situaci\u00f3n se resolvi\u00f3 despu\u00e9s de que la Fira de Barcelona haya cedido unos espacios para uso escolar.<\/p>\n<p>&nbsp;    \t<\/p>\n","protected":false},"excerpt":{"rendered":"<p>lavanguardia.com Los bomberos de Barcelona est\u00e1n cada vez m\u00e1s de cerca de estrenar nueva casa. La antigua estaci\u00f3n de bomberos de la calle Lleida, en el PobleSec, que tiene el &#8230; <\/p>\n<p class=\"read-more-container\"><a title=\"Barcelona ultima la reapertura de la estaci\u00f3n de bomberos m\u00e1s antigua de Espa\u00f1a\" class=\"read-more button\" href=\"https:\/\/ccoo.app\/ajuntamentbarcelona\/barcelona-ultima-la-reapertura-de-la-estacion-de-bomberos-mas-antigua-de-espana\/#more-8274\" aria-label=\"M\u00e9s informaci\u00f3 sobre Barcelona ultima la reapertura de la estaci\u00f3n de bomberos m\u00e1s antigua de Espa\u00f1a\">Llegeix-ne m\u00e9s \u00bb<\/a><\/p>\n","protected":false},"author":97114,"featured_media":7443,"comment_status":"open","ping_status":"open","sticky":false,"template":"","format":"standard","meta":{"footnotes":""},"categories":[313],"tags":[],"class_list":["post-8274","post","type-post","status-publish","format-standard","has-post-thumbnail","hentry","category-313","generate-columns","tablet-grid-50","mobile-grid-100","grid-parent","grid-33"],"_links":{"self":[{"href":"https:\/\/ccoo.app\/ajuntamentbarcelona\/wp-json\/wp\/v2\/posts\/8274","targetHints":{"allow":["GET"]}}],"collection":[{"href":"https:\/\/ccoo.app\/ajuntamentbarcelona\/wp-json\/wp\/v2\/posts"}],"about":[{"href":"https:\/\/ccoo.app\/ajuntamentbarcelona\/wp-json\/wp\/v2\/types\/post"}],"author":[{"embeddable":true,"href":"https:\/\/ccoo.app\/ajuntamentbarcelona\/wp-json\/wp\/v2\/users\/97114"}],"replies":[{"embeddable":true,"href":"https:\/\/ccoo.app\/ajuntamentbarcelona\/wp-json\/wp\/v2\/comments?post=8274"}],"version-history":[{"count":0,"href":"https:\/\/ccoo.app\/ajuntamentbarcelona\/wp-json\/wp\/v2\/posts\/8274\/revisions"}],"wp:featuredmedia":[{"embeddable":true,"href":"https:\/\/ccoo.app\/ajuntamentbarcelona\/wp-json\/wp\/v2\/media\/7443"}],"wp:attachment":[{"href":"https:\/\/ccoo.app\/ajuntamentbarcelona\/wp-json\/wp\/v2\/media?parent=8274"}],"wp:term":[{"taxonomy":"category","embeddable":true,"href":"https:\/\/ccoo.app\/ajuntamentbarcelona\/wp-json\/wp\/v2\/categories?post=8274"},{"taxonomy":"post_tag","embeddable":true,"href":"https:\/\/ccoo.app\/ajuntamentbarcelona\/wp-json\/wp\/v2\/tags?post=8274"}],"curies":[{"name":"wp","href":"https:\/\/api.w.org\/{rel}","templated":true}]}}