{"id":8272,"date":"2016-08-29T08:54:05","date_gmt":"2016-08-29T07:54:05","guid":{"rendered":"https:\/\/bombers-barcelona.ccoo.cat\/?p=338"},"modified":"2016-08-29T08:54:05","modified_gmt":"2016-08-29T07:54:05","slug":"incidencies-en-la-gestio-dels-avisos-a-bombers-de-barcelona","status":"publish","type":"post","link":"https:\/\/ccoo.app\/ajuntamentbarcelona\/incidencies-en-la-gestio-dels-avisos-a-bombers-de-barcelona\/","title":{"rendered":"Incid\u00e8ncies en la gesti\u00f3 dels avisos a Bombers de Barcelona"},"content":{"rendered":"<div>\n<div>\n<div>\n<div>\n<div>\n<div>\n<div>\n<div>\n<div>\n<div>\n<div>\n<div>\n<div>\n<div>\n<div>\n<div>\n<div><\/div>\n<div>\n<div><\/div>\n<p><img loading=\"lazy\" decoding=\"async\" class=\"wp-image-340 aligncenter\" src=\"https:\/\/bombers-barcelona.ccoo.cat\/wp-content\/uploads\/sites\/28\/2016\/08\/cge-1-212x300.jpg\" alt=\"cge\" width=\"429\" height=\"607\" \/><\/div>\n<div><\/div>\n<div>En els darrers mesos hem detectat un increment en les incid\u00e8ncies derivades de la gesti\u00f3 de les trucades d&#8217;emerg\u00e8ncia d&#8217;alguns serveis de gravetat en l&#8217;\u00e0mbit del municipi de Barcelona.<\/div>\n<p>\u00c9s per aquest motiu que els demanem una\u00a0<b>reuni\u00f3 urgent\u00a0<\/b>amb el m\u00e0xim responsable del CGE per poder aclarir els fets ocorreguts en els seg\u00fcents serveis:<\/div>\n<p>&#8211; Servei d&#8217;accident de tr\u00e0nsit 16003894 on finalment no s&#8217;activa a cap dotaci\u00f3 tot i tractar-se d&#8217;un accident amb ferits greus a 2 carrers del Parc de Llevant.<\/p><\/div>\n<p>&#8211; Servei de foc pis 16015720 on moren 2 nens, en el moment de la nostra arribada tant SEM com GU es troben al lloc del servei.<\/p><\/div>\n<p>&#8211; Servei 16019617 d&#8217;intent de su\u00efcidi on s&#8217;arriba 30 minuts despr\u00e9s que el servei s&#8217;hagi solucionat.<\/p><\/div>\n<p>&#8211; Servei 16019682 d&#8217;accident de tr\u00e0nsit on s&#8217;activa a bombers 23 minuts despr\u00e9s del primer av\u00eds (per obrir una porta d&#8217;un vehicle) quan 5 ambul\u00e0ncies del SEM i 2 vehicles de la GU porten treballant al servei des del primer moment.<\/p><\/div>\n<p>&#8211; Servei 16007885 d&#8217;accident de tr\u00e0nsit on es demora la sortida del primer vehicle de bombers passats 11 minuts del primer av\u00eds.<\/p><\/div>\n<p>Per poder preparar de forma eficient la reuni\u00f3 demanem que pr\u00e8viament ens facin arribar la seg\u00fcent informaci\u00f3 dels serveis esmentats:<\/p><\/div>\n<p>&#8211; Informe de dades i t\u00e8cnic.<\/p><\/div>\n<p>&#8211; Hora d&#8217;entrada de la primera trucada (tant sigui del 112 com del 080).<\/p><\/div>\n<p>&#8211; Transcripci\u00f3 de les trucades entrants.<\/p><\/div>\n<p>&#8211; Temps de gesti\u00f3 de la trucada (tant del 112 com del CGE)<\/p><\/div>\n<p>&#8211; Hora de sortida dels vehicles actuants.<\/p><\/div>\n<p>A part d&#8217;aquestes dades, tamb\u00e9 els demanem que per aquesta reuni\u00f3 portin preparades les respostes a les seg\u00fcents preguntes:<\/p><\/div>\n<p>&#8211; Perqu\u00e8 no s&#8217;activa a cap dotaci\u00f3 de l&#8217;SPEIS en l&#8217;accident mortal del dia 15\/08\/2016 al Passeig Valldaura cantonada amb Fabra i Puig?<\/p><\/div>\n<p>&#8211; Perqu\u00e8 no s&#8217;activa cap ambul\u00e0ncia del servei en els focs pis amb refer\u00e8ncia 16019768 i 16019766?<\/p><\/div>\n<div>&#8211; Quin \u00e9s el desfase entre l&#8217;horari oficial del 112 i el del CGE?<\/div>\n<div>&#8211; Quins s\u00f3n els protocols d&#8217;activaci\u00f3 del 112, GU, SEM i MMEE respecte els serveis on cal la pres\u00e8ncia de bombers?<\/div>\n<p>Volem deixar molt clar que l&#8217;objectiu d&#8217;aquesta demanda no \u00e9s buscar culpables d&#8217;una possible mala gesti\u00f3. Simplement volem determinar en quin punt de la cadena de comunicaci\u00f3 fallem per posar-hi remei.<\/p><\/div>\n<p>Cal recordar que des de l&#8217;agrupaci\u00f3 de CCOO portem molt de temps denunciant els problemes generats per la inexistent connexi\u00f3 inform\u00e0tica entre el 112 i el 080. Si volem ser un servei d&#8217;excel\u00b7l\u00e8ncia creiem que l&#8217;SPEIS Barcelona ha de gestionar les trucades dels nostres ciutadans de la forma m\u00e9s eficient possible.<\/p>\n<div><\/div>\n","protected":false},"excerpt":{"rendered":"<p>En els darrers mesos hem detectat un increment en les incid\u00e8ncies derivades de la gesti\u00f3 de les trucades d&#8217;emerg\u00e8ncia d&#8217;alguns serveis de gravetat en l&#8217;\u00e0mbit del municipi de Barcelona. \u00c9s &#8230; <\/p>\n<p class=\"read-more-container\"><a title=\"Incid\u00e8ncies en la gesti\u00f3 dels avisos a Bombers de Barcelona\" class=\"read-more button\" href=\"https:\/\/ccoo.app\/ajuntamentbarcelona\/incidencies-en-la-gestio-dels-avisos-a-bombers-de-barcelona\/#more-8272\" aria-label=\"M\u00e9s informaci\u00f3 sobre Incid\u00e8ncies en la gesti\u00f3 dels avisos a Bombers de Barcelona\">Llegeix-ne m\u00e9s \u00bb<\/a><\/p>\n","protected":false},"author":97114,"featured_media":7441,"comment_status":"open","ping_status":"open","sticky":false,"template":"","format":"standard","meta":{"footnotes":""},"categories":[313],"tags":[],"class_list":["post-8272","post","type-post","status-publish","format-standard","has-post-thumbnail","hentry","category-313","generate-columns","tablet-grid-50","mobile-grid-100","grid-parent","grid-33"],"_links":{"self":[{"href":"https:\/\/ccoo.app\/ajuntamentbarcelona\/wp-json\/wp\/v2\/posts\/8272","targetHints":{"allow":["GET"]}}],"collection":[{"href":"https:\/\/ccoo.app\/ajuntamentbarcelona\/wp-json\/wp\/v2\/posts"}],"about":[{"href":"https:\/\/ccoo.app\/ajuntamentbarcelona\/wp-json\/wp\/v2\/types\/post"}],"author":[{"embeddable":true,"href":"https:\/\/ccoo.app\/ajuntamentbarcelona\/wp-json\/wp\/v2\/users\/97114"}],"replies":[{"embeddable":true,"href":"https:\/\/ccoo.app\/ajuntamentbarcelona\/wp-json\/wp\/v2\/comments?post=8272"}],"version-history":[{"count":0,"href":"https:\/\/ccoo.app\/ajuntamentbarcelona\/wp-json\/wp\/v2\/posts\/8272\/revisions"}],"wp:featuredmedia":[{"embeddable":true,"href":"https:\/\/ccoo.app\/ajuntamentbarcelona\/wp-json\/wp\/v2\/media\/7441"}],"wp:attachment":[{"href":"https:\/\/ccoo.app\/ajuntamentbarcelona\/wp-json\/wp\/v2\/media?parent=8272"}],"wp:term":[{"taxonomy":"category","embeddable":true,"href":"https:\/\/ccoo.app\/ajuntamentbarcelona\/wp-json\/wp\/v2\/categories?post=8272"},{"taxonomy":"post_tag","embeddable":true,"href":"https:\/\/ccoo.app\/ajuntamentbarcelona\/wp-json\/wp\/v2\/tags?post=8272"}],"curies":[{"name":"wp","href":"https:\/\/api.w.org\/{rel}","templated":true}]}}