{"id":8271,"date":"2016-08-28T18:51:23","date_gmt":"2016-08-28T17:51:23","guid":{"rendered":"https:\/\/bombers-barcelona.ccoo.cat\/?p=335"},"modified":"2016-08-28T18:51:23","modified_gmt":"2016-08-28T17:51:23","slug":"estaremos-integradas-cuando-la-gente-vea-como-normal-a-una-bombera","status":"publish","type":"post","link":"https:\/\/ccoo.app\/ajuntamentbarcelona\/estaremos-integradas-cuando-la-gente-vea-como-normal-a-una-bombera\/","title":{"rendered":"&#8220;Estaremos integradas cuando la gente vea como normal a una bombera&#8221;"},"content":{"rendered":"<p><img loading=\"lazy\" decoding=\"async\" class=\" wp-image-336\" src=\"https:\/\/bombers-barcelona.ccoo.cat\/wp-content\/uploads\/sites\/28\/2016\/08\/bombersdona-300x168.jpg\" alt=\"OPINION   ENTRE TODOS Carme Romero con su casco de bombera y su cuento sobre la igualdad de oportunidades   Claudia i el casc de bombera  FOTO FACILITADA POR CARME ROMERO\" width=\"480\" height=\"269\" \/><\/p>\n<p><a href=\"http:\/\/www.elperiodico.com\/es\/noticias\/entre-todos\/los-oficios-tienen-genero-los-pueden-desarrollar-tanto-hombres-como-mujeres-solo-hace-falta-ponerles-profesionalidad-que-requieren-5343193\">elperiodico.com<\/a><\/p>\n<h4>Los actos de sexismo contra las deportistas ol\u00edmpicas son solo un ejemplo m\u00e1s de la discriminaci\u00f3n que sufren las mujeres en el \u00e1mbito laboral. Para ellas, el trabajo es una carrera de obst\u00e1culos donde el sueldo, el reconocimiento, el prestigio o la conciliaci\u00f3n cuesta mucho m\u00e1s de conseguir que a sus compa\u00f1eros hombres. Como en el tart\u00e1n.<\/h4>\n<p>Carme Romero es a ojos de muchos (y muchas) una intrusa en un mundo de hombres. Seg\u00fan datos del Idescat, trabajan en los Bombers de Catalunya 2.402 bomberos, de los cuales 2.367 son hombres. Una de estas 35 mujeres es Carme Romero, de 44 a\u00f1os, que trabaja en el parque de bomberos de Cambrils. Carme se present\u00f3 a las oposiciones a bombera casi por casualidad, haciendo caso a un amigo, y se encontr\u00f3 trabajando en un oficio que era considerado, dentro de los cuarteles y fuera, como una cosa de hombres. Diecis\u00e9is a\u00f1os despu\u00e9s, Carme afirma que hoy es &#8220;una m\u00e1s&#8221; del equipo del que forma parte. Pero para llegar a este punto tuvo que luchar para &#8220;normalizar la situaci\u00f3n&#8221;.<\/p>\n<p>Como mujer bombera, Carme se ha encontrado con todo tipo de reacciones. De entrada, incredulidad y sorpresa en su entorno familiar y de amigos. Tambi\u00e9n ha sufrido rechazo, como el que experiment\u00f3 por parte de un jefe en su primer destino, el parque de bomberos de Reus. &#8220;All\u00ed no quer\u00edan bomberas &#8211;cuenta&#8211; aunque con el tiempo me aceptaron. Influye mucho la formaci\u00f3n cultural de cada persona&#8221;. M\u00e1s dif\u00edcil es acabar con otra sutil reacci\u00f3n por parte de sus compa\u00f1eros hombres: la tendencia a protegerla. &#8220;Muchos compa\u00f1eros me trataban de una forma m\u00e1s gfraternal y protectora, cuando yo lo que quer\u00eda es ser una m\u00e1s&#8221;, afirma.<\/p>\n<p>Pasado el tiempo, cuenta Carme, el esfuerzo para integrarse suele dar sus frutos. &#8220;Los oficios no tienen g\u00e9nero. Los pueden desarrollar tanto hombres como mujeres, solo hace falta ponerles la profesionalidad que requieren&#8221;, sostiene. Aun as\u00ed, las cifras indican que el de bombero es un oficio muy estereotipado. Carme explica que nunca se ha sentido discriminada laboralmente, y que hoy est\u00e1 tan preparada f\u00edsicamente como el resto de sus compa\u00f1eros varones, recibe el mismo trato y lleva a cabo los mismos trabajos, como conducir el cami\u00f3n siempre que le toca. &#8220;Al principio sorprend\u00eda mucho, pero para ser bombera es indispensable el carnet de cami\u00f3n. Algo que a\u00f1os atr\u00e1s sonaba raro, pero ahora ya no&#8221;, recuerda.<\/p>\n<p>Carme cree firmemente en la igualdad de oportunidades entre hombres y mujeres, y lamenta que haya muchos \u00e1mbitos profesionales en los que las mujeres deban esfrozarse m\u00e1s para demostrar su val\u00eda. Para combatir esta situaci\u00f3n en su trabajo apuesta por la educaci\u00f3n. Por eso, ha publicado el libro infantil &#8216;Cl\u00e0udia i el casc de bombera&#8217;, en el que una princesa de cuento sue\u00f1a con ser bombera. &#8220;Cuando la gente vea a una mujer bombera y muestre indiferencia significar\u00e1 que estamos integradas&#8221;,afirma.    \t<\/p>\n","protected":false},"excerpt":{"rendered":"<p>elperiodico.com Los actos de sexismo contra las deportistas ol\u00edmpicas son solo un ejemplo m\u00e1s de la discriminaci\u00f3n que sufren las mujeres en el \u00e1mbito laboral. Para ellas, el trabajo es &#8230; <\/p>\n<p class=\"read-more-container\"><a title=\"&#8220;Estaremos integradas cuando la gente vea como normal a una bombera&#8221;\" class=\"read-more button\" href=\"https:\/\/ccoo.app\/ajuntamentbarcelona\/estaremos-integradas-cuando-la-gente-vea-como-normal-a-una-bombera\/#more-8271\" aria-label=\"M\u00e9s informaci\u00f3 sobre &#8220;Estaremos integradas cuando la gente vea como normal a una bombera&#8221;\">Llegeix-ne m\u00e9s \u00bb<\/a><\/p>\n","protected":false},"author":97114,"featured_media":7439,"comment_status":"open","ping_status":"open","sticky":false,"template":"","format":"standard","meta":{"footnotes":""},"categories":[313],"tags":[],"class_list":["post-8271","post","type-post","status-publish","format-standard","has-post-thumbnail","hentry","category-313","generate-columns","tablet-grid-50","mobile-grid-100","grid-parent","grid-33"],"_links":{"self":[{"href":"https:\/\/ccoo.app\/ajuntamentbarcelona\/wp-json\/wp\/v2\/posts\/8271","targetHints":{"allow":["GET"]}}],"collection":[{"href":"https:\/\/ccoo.app\/ajuntamentbarcelona\/wp-json\/wp\/v2\/posts"}],"about":[{"href":"https:\/\/ccoo.app\/ajuntamentbarcelona\/wp-json\/wp\/v2\/types\/post"}],"author":[{"embeddable":true,"href":"https:\/\/ccoo.app\/ajuntamentbarcelona\/wp-json\/wp\/v2\/users\/97114"}],"replies":[{"embeddable":true,"href":"https:\/\/ccoo.app\/ajuntamentbarcelona\/wp-json\/wp\/v2\/comments?post=8271"}],"version-history":[{"count":0,"href":"https:\/\/ccoo.app\/ajuntamentbarcelona\/wp-json\/wp\/v2\/posts\/8271\/revisions"}],"wp:featuredmedia":[{"embeddable":true,"href":"https:\/\/ccoo.app\/ajuntamentbarcelona\/wp-json\/wp\/v2\/media\/7439"}],"wp:attachment":[{"href":"https:\/\/ccoo.app\/ajuntamentbarcelona\/wp-json\/wp\/v2\/media?parent=8271"}],"wp:term":[{"taxonomy":"category","embeddable":true,"href":"https:\/\/ccoo.app\/ajuntamentbarcelona\/wp-json\/wp\/v2\/categories?post=8271"},{"taxonomy":"post_tag","embeddable":true,"href":"https:\/\/ccoo.app\/ajuntamentbarcelona\/wp-json\/wp\/v2\/tags?post=8271"}],"curies":[{"name":"wp","href":"https:\/\/api.w.org\/{rel}","templated":true}]}}