{"id":8261,"date":"2019-04-01T08:38:00","date_gmt":"2019-04-01T07:38:00","guid":{"rendered":"https:\/\/gub.ccoo.cat\/?p=4045"},"modified":"2019-04-01T08:38:00","modified_gmt":"2019-04-01T07:38:00","slug":"fes-la-renda-2018-a-ccoo-de-catalunya","status":"publish","type":"post","link":"https:\/\/ccoo.app\/ajuntamentbarcelona\/fes-la-renda-2018-a-ccoo-de-catalunya\/","title":{"rendered":"Fes la renda 2018 a CCOO de Catalunya"},"content":{"rendered":"<p>&nbsp;<\/p>\n<h1><img loading=\"lazy\" decoding=\"async\" class=\"size-medium wp-image-4047 aligncenter\" src=\"https:\/\/gub.ccoo.cat\/wp-content\/uploads\/sites\/13\/2019\/04\/renda2018_.jpg-300x225.png\" alt=\"\" width=\"300\" height=\"225\" \/><\/h1>\n<h4><strong>Campanya de la renda 2018<\/strong><\/h4>\n<p>HONORARIS DE LA CAMPANYA DE LA RENDA 2018 PER A AFILIATS I AFILIADES A CCOO\u00a0<sup>1<\/sup>\u00a0&#8211; Imports amb IVA (21 % incl\u00f2s)<\/p>\n<p>&nbsp;<\/p>\n<p><strong>Simplificada individual\u00a0<\/strong> 35 \u20ac<\/p>\n<p><strong>Ordin\u00e0ria:<\/strong><\/p>\n<p>&#8211; Amb un arrendament 40 \u20ac\u00a0<sup>2<\/sup><\/p>\n<p>&#8211; Amb cartera d&#8217;accions 40 \u20ac\u00a0<sup>3<\/sup><\/p>\n<p>&#8211; Amb venda d&#8217;immoble 45 \u20ac<\/p>\n<p>&#8211; Professionals estimaci\u00f3 directa 50 \u20ac<\/p>\n<p>&#8211; Professionals estimaci\u00f3 objectiva 40 \u20ac<\/p>\n<p>&nbsp;<\/p>\n<p>Recorda que la quota d&#8217;afiliaci\u00f3 sindical a CCOO \u00e9s una despesa que pots deduir quan realitzis la declaraci\u00f3 anual de la renda, tal com marca la Llei de l&#8217;IRPF. La deducci\u00f3 pot comportar un estalvi en la quota d&#8217;entre el 20 % i el 35 % segons els casos. En cas que necessitis un certificat per justificar les quotes satisfetes durant l&#8217;any 2018, el pots sol\u00b7licitar directament des de l&#8217;app del sindicat per a m\u00f2bils o des de la web de la seu electr\u00f2nica de CCOO de Catalunya.<\/p>\n<p><sup>1<\/sup>\u00a0Els afiliats\/ades hauran d&#8217;acreditar estar al corrent en el pagament de la quota sindical.<br \/>\n<sup>2<\/sup>\u00a0Increment de 5 \u20ac per immoble arrendat.<br \/>\n<sup>3\u00a0<\/sup>Increment de 5 \u20ac per cada cartera.<\/p>\n<p>&nbsp;<\/p>\n<p>XAVIER JALD\u00d3N MART\u00cdNEZ<br \/>\nVia Laietana, 16, 2a planta. Despatx 211-A<br \/>\n08003\u00a0Barcelona<br \/>\n682 54 56 71<br \/>\nxavijaldon@doctortax.es<br \/>\nInici: 10 d&#8217;abril<\/p>\n<p>ASESOR\u00cdA LEMASA, SL<br \/>\nC\/ Sancho de \u00c1vila, 178<br \/>\n08018 Barcelona<br \/>\n93 320 84 44<br \/>\nlsimon@asesorialemasa.com<\/p>\n<p>BARNEDA ASSESSORS<br \/>\nC\/ Miquel Blay, 1<br \/>\n17001 Girona<br \/>\n972 21 73 03<br \/>\nmarta@barneda.cat<br \/>\nDates: del 2 de maig al 29 de juny<br \/>\nHorari: de dilluns a dijous de 9.00 a 13.00 i de 16:00 a 19:00 hores, divendres de 9.00 a 13.00 hores.<\/p>\n<p>AUCORE ASSESSORS, SLU<br \/>\nToni Calder\u00f3n Calder\u00f3n<br \/>\nC\/ Pius XII, 5-7, baixos<br \/>\n08401 Granollers<br \/>\n605 95 68 16<br \/>\ntoni.calderon@aucore.es<br \/>\nInici: 1 d\u2019abril<br \/>\nHorari: dimecres de 9.00 a 14.00 hores i dijous de 15.00 a 19.00 hores<\/p>\n<p>JULI\u00c0 RODR\u00cdGUEZ FONDEVILLA<br \/>\nJuli\u00e0 Rodr\u00edguez Fondevilla<br \/>\nC\/ Enric Granados, 6<br \/>\n25006 Lleida<br \/>\n973 26 36 66<br \/>\nInici: 23 d\u2019abril<br \/>\nHorari: dimarts i dijous de 15.30 a 18.00 hores.<\/p>\n<p>PEDRO BALLESTEROS ORTIZ<br \/>\nPedro Ballesteros Ortiz<br \/>\nPg. Pere III, 60-62<br \/>\n08042 Manresa<br \/>\n665 997 929<br \/>\ncampanyarenda@gmail.com<br \/>\nDates: del 24 d\u2019abril al 20 de juny<br \/>\nHorari: de dilluns a dijous de 9.00 a 13.00 i de 16.00 a 19.00 hores.<\/p>\n<p>FRANCISCO LE\u00d3N LE\u00d3N<br \/>\nC\/\u00a0Casta\u00f1os, 120<br \/>\n08302 Matar\u00f3<br \/>\n605 39 29 56<br \/>\nfrancisco@leonleon.es<br \/>\nInici: 23 d\u2019abril<br \/>\nHorari: dimarts de 15.00 a 19.00 hores i divendres de 9.00 a 13.00 hores<\/p>\n<p>ASESOR\u00cdA GALA, SCP<br \/>\nS\u00edlvia S\u00e1nchez Gea<br \/>\nRambla Balmes, 10, 1r<br \/>\n08100 Mollet del Vall\u00e8s<br \/>\n93 570 25 66<br \/>\ngala@asesoriagala.com<br \/>\nInici: 23 d\u2019abril<br \/>\nHorari: dilluns i dijous de 17.00 a 19.00 hores.<\/p>\n<p>CRIST\u00d3BAL MART\u00cdNEZ HERN\u00c1NDEZ<br \/>\nCrist\u00f3bal Mart\u00ednez Hern\u00e1ndez<br \/>\nPl. Antoni de Villarroel, 2, baixos<br \/>\n43204 Reus<br \/>\n620 889 809<br \/>\ncmhconsultor@gmail.com<br \/>\nInici: 2 d\u2019abril<br \/>\nHorari: dijous de 16.00 a 18.30 hores.<\/p>\n<p>FRANCESC PONS SANJU\u00c1N<br \/>\nFrancesc Pons Sanju\u00e1n<br \/>\nRambla, 75<br \/>\n08202 Sabadell<br \/>\n608 598 134<br \/>\ncampanyarenda@gmail.com<br \/>\nDates: del 24 d\u2019abril al 20 de juny<br \/>\nHorari: dilluns de 16:00 a 19.00 hores i divendres de 9.00 a 13.00 hores.<\/p>\n<p>AUMART, SCP<br \/>\nC\/ V\u00edctor Balaguer, 16, local<br \/>\n08830 Sant Boi de Llobregat<br \/>\n93 652 50 74<br \/>\nmarta@aumartscp.com<br \/>\naurora@aumartscp.com<\/p>\n<p>CRIST\u00d3BAL MART\u00cdNEZ HERN\u00c1NDEZ<br \/>\nCrist\u00f3bal Mart\u00ednez Hern\u00e1ndez<br \/>\nC\/ August, 48<br \/>\n43003 Tarragona<br \/>\n620 889 809<br \/>\ncmhconsultor@gmail.com<br \/>\nInici: 2 d\u2019abril<br \/>\nHorari: dilluns i dimarts de 16.00 a 18.30 hores.<\/p>\n<p>FRANCESC PONS SANJU\u00c1N<br \/>\nFrancesc Pons Sanju\u00e1n<br \/>\nC\/ Uni\u00f3, 23<br \/>\n08221 Terrassa<br \/>\n607 363 055<br \/>\ncampanyarenda@gmail.com<br \/>\nDates: del 24 d\u2019abril al 20 de juny<br \/>\nHorari: dimarts de 16.00 a 19.00 hores i dimecres de 9.00 a 13 hores.<\/p>\n<p>AUCORE ASSESSORS, SLU<br \/>\nToni Calder\u00f3n Calder\u00f3n<br \/>\nPl. Llu\u00eds Companys, 3<br \/>\n08500 Vic<br \/>\n605 95 68 16<br \/>\ntoni.calderon@aucore.es<br \/>\nInici: 1 d\u2019abril<br \/>\nHorari: dilluns de 9.00 a 13.00 hores.    \t<\/p>\n","protected":false},"excerpt":{"rendered":"<p>Recorda que la quota d&#8217;afiliaci\u00f3 sindical a CCOO \u00e9s una despesa que pots deduir quan realitzis la declaraci\u00f3 anual de la renda, tal com marca la Llei de l&#8217;IRPF.\t\t\t\t<\/p>\n","protected":false},"author":97114,"featured_media":8261,"comment_status":"open","ping_status":"open","sticky":false,"template":"","format":"standard","meta":{"footnotes":""},"categories":[303],"tags":[],"class_list":["post-8261","post","type-post","status-publish","format-standard","has-post-thumbnail","hentry","category-guardia-urbana","generate-columns","tablet-grid-50","mobile-grid-100","grid-parent","grid-33"],"_links":{"self":[{"href":"https:\/\/ccoo.app\/ajuntamentbarcelona\/wp-json\/wp\/v2\/posts\/8261","targetHints":{"allow":["GET"]}}],"collection":[{"href":"https:\/\/ccoo.app\/ajuntamentbarcelona\/wp-json\/wp\/v2\/posts"}],"about":[{"href":"https:\/\/ccoo.app\/ajuntamentbarcelona\/wp-json\/wp\/v2\/types\/post"}],"author":[{"embeddable":true,"href":"https:\/\/ccoo.app\/ajuntamentbarcelona\/wp-json\/wp\/v2\/users\/97114"}],"replies":[{"embeddable":true,"href":"https:\/\/ccoo.app\/ajuntamentbarcelona\/wp-json\/wp\/v2\/comments?post=8261"}],"version-history":[{"count":0,"href":"https:\/\/ccoo.app\/ajuntamentbarcelona\/wp-json\/wp\/v2\/posts\/8261\/revisions"}],"wp:featuredmedia":[{"embeddable":true,"href":"https:\/\/ccoo.app\/ajuntamentbarcelona\/wp-json\/wp\/v2\/posts\/8261"}],"wp:attachment":[{"href":"https:\/\/ccoo.app\/ajuntamentbarcelona\/wp-json\/wp\/v2\/media?parent=8261"}],"wp:term":[{"taxonomy":"category","embeddable":true,"href":"https:\/\/ccoo.app\/ajuntamentbarcelona\/wp-json\/wp\/v2\/categories?post=8261"},{"taxonomy":"post_tag","embeddable":true,"href":"https:\/\/ccoo.app\/ajuntamentbarcelona\/wp-json\/wp\/v2\/tags?post=8261"}],"curies":[{"name":"wp","href":"https:\/\/api.w.org\/{rel}","templated":true}]}}