{"id":773,"date":"2018-07-06T07:57:45","date_gmt":"2018-07-06T06:57:45","guid":{"rendered":"https:\/\/bombers-barcelona.ccoo.cat\/?p=773"},"modified":"2018-07-06T07:57:45","modified_gmt":"2018-07-06T06:57:45","slug":"fons-daccio-social-fas-2017-3","status":"publish","type":"post","link":"https:\/\/ccoo.app\/ajuntamentbarcelona\/fons-daccio-social-fas-2017-3\/","title":{"rendered":"Fons d\u2019Acci\u00f3 Social (FAS) 2017"},"content":{"rendered":"<p>\u00das avancem que ja s\u2019han aprovat les bases que regulen el Fons D\u2019acci\u00f3 Social (FAS) corresponents a l\u2019any 2017, amb un import de\u00a0350.000 euros. Tal com indica al calendari que us adjuntem, est\u00e0 previst que la publicaci\u00f3 de les bases i la convocat\u00f2ria es faci el 09\/07\/2018 on trobareu tota la informaci\u00f3 al respecte.<\/p>\n<p><b>LA PREVISI\u00d3 PEL TERMINI DE PRESENTACI\u00d3 DE SOL\u00b7LICITUDS\u00a0ES\u00a0QUE ES FACIN DEL 10\/07\/18 AL 09\/08\/18.<\/b><\/p>\n<table width=\"0\">\n<tbody>\n<tr>\n<td width=\"554\"><b>Publicaci\u00f3 bases i convocat\u00f2ria<\/b><\/td>\n<td width=\"463\"><b>Gaseta 09\/07\/2018<\/b><\/td>\n<\/tr>\n<tr>\n<td width=\"554\"><b>Termini presentaci\u00f3 de sol\u00b7licituds<\/b><\/td>\n<td width=\"463\"><b>10\/07\/2018 al 09\/08\/2018<\/b><\/td>\n<\/tr>\n<tr>\n<td width=\"554\"><b>Preparaci\u00f3 dels resultats provisionals d\u2019admesos i exclosos i l\u2019import concret dels ajuts<\/b><\/td>\n<td width=\"463\"><b>\u00a0<\/b><b>10\/08\/2018 al 09\/10\/2018<\/b><\/p>\n<p><b>\u00a0<\/b><\/p>\n<p><b>Termini m\u00e0xim de 2 mesos des de la data de finalitzaci\u00f3 del termini de presentaci\u00f3 de sol\u00b7licituds<\/b><\/td>\n<\/tr>\n<tr>\n<td width=\"554\"><b>Presentaci\u00f3 de reclamacions i esmenes<\/b><\/td>\n<td width=\"463\"><b>\u00a0<\/b><b>10\/10\/2018 al 24\/10\/2018<\/b><\/p>\n<p><b>\u00a0<\/b><\/p>\n<p><b>Termini m\u00e0xim de 15 dies naturals des de la publicaci\u00f3 dels resultats provisionals<\/b><\/td>\n<\/tr>\n<tr>\n<td width=\"554\"><b>Aprovaci\u00f3 per la Comissi\u00f3 de les llistes definitives d\u2019admesos i exclosos i l\u2019import i resoluci\u00f3 i publicaci\u00f3 de la convocat\u00f2ria<\/b><\/td>\n<td width=\"463\"><b>\u00a0<\/b><b>25\/10\/2018 al 24\/11\/2018<\/b><\/p>\n<p><b>\u00a0<\/b><\/p>\n<p><b>Termini m\u00e0xim de 1 mes des de la data de finalitzaci\u00f3 del termini de presentaci\u00f3 d\u2019esmenes<\/b><\/td>\n<\/tr>\n<tr>\n<td width=\"554\"><b>\u00a0<\/b><b>Abonament de l\u2019import<\/b><\/p>\n<p><b>\u00a0<\/b><\/td>\n<td width=\"463\"><b>N\u00f2mina mes de\u00a0<\/b><b>DESEMBRE 2018<\/b><\/td>\n<\/tr>\n<\/tbody>\n<\/table>\n","protected":false},"excerpt":{"rendered":"<p>\u00das avancem que ja s\u2019han aprovat les bases que regulen el Fons D\u2019acci\u00f3 Social (FAS) corresponents a l\u2019any 2017, amb un import de\u00a0350.000 euros. Tal com indica al calendari que &#8230; <\/p>\n<p class=\"read-more-container\"><a title=\"Fons d\u2019Acci\u00f3 Social (FAS) 2017\" class=\"read-more button\" href=\"https:\/\/ccoo.app\/ajuntamentbarcelona\/fons-daccio-social-fas-2017-3\/#more-773\" aria-label=\"M\u00e9s informaci\u00f3 sobre Fons d\u2019Acci\u00f3 Social (FAS) 2017\">Llegeix-ne m\u00e9s \u00bb<\/a><\/p>\n","protected":false},"author":97114,"featured_media":774,"comment_status":"open","ping_status":"open","sticky":false,"template":"","format":"standard","meta":{"footnotes":""},"categories":[313],"tags":[],"class_list":["post-773","post","type-post","status-publish","format-standard","has-post-thumbnail","hentry","category-313","generate-columns","tablet-grid-50","mobile-grid-100","grid-parent","grid-33"],"_links":{"self":[{"href":"https:\/\/ccoo.app\/ajuntamentbarcelona\/wp-json\/wp\/v2\/posts\/773","targetHints":{"allow":["GET"]}}],"collection":[{"href":"https:\/\/ccoo.app\/ajuntamentbarcelona\/wp-json\/wp\/v2\/posts"}],"about":[{"href":"https:\/\/ccoo.app\/ajuntamentbarcelona\/wp-json\/wp\/v2\/types\/post"}],"author":[{"embeddable":true,"href":"https:\/\/ccoo.app\/ajuntamentbarcelona\/wp-json\/wp\/v2\/users\/97114"}],"replies":[{"embeddable":true,"href":"https:\/\/ccoo.app\/ajuntamentbarcelona\/wp-json\/wp\/v2\/comments?post=773"}],"version-history":[{"count":0,"href":"https:\/\/ccoo.app\/ajuntamentbarcelona\/wp-json\/wp\/v2\/posts\/773\/revisions"}],"wp:featuredmedia":[{"embeddable":true,"href":"https:\/\/ccoo.app\/ajuntamentbarcelona\/wp-json\/wp\/v2\/media\/774"}],"wp:attachment":[{"href":"https:\/\/ccoo.app\/ajuntamentbarcelona\/wp-json\/wp\/v2\/media?parent=773"}],"wp:term":[{"taxonomy":"category","embeddable":true,"href":"https:\/\/ccoo.app\/ajuntamentbarcelona\/wp-json\/wp\/v2\/categories?post=773"},{"taxonomy":"post_tag","embeddable":true,"href":"https:\/\/ccoo.app\/ajuntamentbarcelona\/wp-json\/wp\/v2\/tags?post=773"}],"curies":[{"name":"wp","href":"https:\/\/api.w.org\/{rel}","templated":true}]}}