{"id":6235,"date":"2020-11-06T11:57:09","date_gmt":"2020-11-06T10:57:09","guid":{"rendered":"https:\/\/ccoo.app\/ajuntamentbarcelona\/?p=6235"},"modified":"2020-11-06T11:57:09","modified_gmt":"2020-11-06T10:57:09","slug":"cursos-amb-descomptes-per-a-lafiliacio-de-comissions-obreres","status":"publish","type":"post","link":"https:\/\/ccoo.app\/ajuntamentbarcelona\/cursos-amb-descomptes-per-a-lafiliacio-de-comissions-obreres\/","title":{"rendered":"Cursos amb descomptes per a l&#8217;afiliaci\u00f3 de Comissions Obreres."},"content":{"rendered":"\n<figure class=\"wp-block-image size-large\"><img loading=\"lazy\" decoding=\"async\" width=\"640\" height=\"238\" src=\"http:\/\/ccoo.app\/ajuntamentbarcelona\/wp-content\/blogs.dir\/6\/files\/sites\/228\/2020\/11\/class-377117_640.jpg\" alt=\"\" class=\"wp-image-6236\" srcset=\"https:\/\/ccoo.app\/ajuntamentbarcelona\/wp-content\/blogs.dir\/6\/files\/sites\/228\/2020\/11\/class-377117_640.jpg 640w, https:\/\/ccoo.app\/ajuntamentbarcelona\/wp-content\/blogs.dir\/6\/files\/sites\/228\/2020\/11\/class-377117_640-300x112.jpg 300w\" sizes=\"auto, (max-width: 640px) 100vw, 640px\" \/><\/figure>\n\n\n\n<p><strong>Cursos amb descomptes per a l&#8217;afiliaci\u00f3<\/strong><\/p>\n\n\n\n<p>Des de la <a href=\"https:\/\/ccoo.app\/ajuntamentbarcelona\/\" target=\"_blank\" rel=\"noreferrer noopener\">secci\u00f3 sindical de CCOO de l&#8217;Ajuntament de Barcelona<\/a>, us informem dels nous cursos que properament impartir\u00e0 el centre de formaci\u00f3 <a href=\"http:\/\/www.formar-te.es\/course\/apfor20-018-002\/\" target=\"_blank\" rel=\"noreferrer noopener\">FORMAR-TE<\/a> (centre especialitzat en formaci\u00f3 professional i continua):<\/p>\n\n\n\n<p><strong>CURSOS TEMARI ESPEC\u00cdFIC T\u00c8CNIC SUPERIOR EN DRET, SUBGRUP A1 AJUNTAMENT&nbsp; BARCELONA<\/strong><\/p>\n\n\n\n<p><strong><a href=\"http:\/\/www.formar-te.es\/course\/apfor20-035-001\/\">Curs Online m\u00e9s Aula Virtual (videoconfer\u00e8ncies)<\/a><\/strong><\/p>\n\n\n\n<p><strong><a href=\"http:\/\/www.formar-te.es\/course\/apfor20-034-001\/\">Curs Online<\/a><\/strong><\/p>\n\n\n\n<p><strong><a href=\"http:\/\/www.formar-te.es\/course\/apfor20-033-001\/\">Curs&nbsp; Presencial per videoconfer\u00e8ncies<\/a><\/strong><\/p>\n\n\n\n<p><strong>CURSOS TEMARI ESPEC\u00cdFIC T\u00c8CNIC SUPERIOR EN&nbsp; GESTI\u00d3, SUBGRUP A1 AJUNTAMENT BARCELONA<\/strong><\/p>\n\n\n\n<p><strong><a href=\"http:\/\/www.formar-te.es\/course\/apfor20-036-001\/\">Curs&nbsp; Presencial per videoconfer\u00e8ncies<\/a><\/strong><\/p>\n\n\n\n<p><strong><a href=\"http:\/\/www.formar-te.es\/course\/apfor20-037-001\/\">Curs Online<\/a><\/strong><\/p>\n\n\n\n<p><strong><a href=\"http:\/\/www.formar-te.es\/course\/apfor20-038-001\/\">Curs Online m\u00e9s Aula virtual (videoconfer\u00e8ncies)<\/a><\/strong><\/p>\n\n\n\n<p><strong>CURS AUXILIAR ADMINISTRATIU GRUP 2 AJUNTAMENT BARCELONA<\/strong><\/p>\n\n\n\n<p><strong><a href=\"http:\/\/www.formar-te.es\/course\/apfor20-024-002\/\">Curs auxiliar administratiu grup 2<\/a><\/strong><\/p>\n\n\n\n<p><strong>CURSOS TEMARI COM\u00da&nbsp; SUBGRUP A1 AJUNTAMENT BARCELONA<\/strong><\/p>\n\n\n\n<p><strong><a href=\"http:\/\/www.formar-te.es\/course\/apfor20-013-003\/\">Curs presencial per videoconfer\u00e8ncies<\/a><\/strong><\/p>\n\n\n\n<p><strong><a href=\"http:\/\/www.formar-te.es\/course\/apfor20-016-003\/\">Curs Online i a m\u00e9s l&#8217;opci\u00f3 de les videoconfer\u00e8ncias amb un suplement<\/a><\/strong><\/p>\n\n\n\n<p><br><strong>CURSOS TEMARI COM\u00da SUBGRUP A2 AJUNTAMENT BARCELONA<\/strong><\/p>\n\n\n\n<p><strong><a href=\"http:\/\/www.formar-te.es\/course\/apfor20-014-003\/\">Curs presencial&nbsp; per videoconfer\u00e8ncies<\/a><\/strong><\/p>\n\n\n\n<p><strong><a href=\"http:\/\/www.formar-te.es\/course\/apfor20-015-003\/\">Curs Online i a m\u00e9s l&#8217;opci\u00f3 de les videoconfer\u00e8ncias amb un suplement<\/a><\/strong><\/p>\n","protected":false},"excerpt":{"rendered":"<p>Cursos amb descomptes per a l&#8217;afiliaci\u00f3 Des de la secci\u00f3 sindical de CCOO de l&#8217;Ajuntament de Barcelona, us informem dels nous cursos que properament impartir\u00e0 el centre de formaci\u00f3 FORMAR-TE &#8230; <\/p>\n<p class=\"read-more-container\"><a title=\"Cursos amb descomptes per a l&#8217;afiliaci\u00f3 de Comissions Obreres.\" class=\"read-more button\" href=\"https:\/\/ccoo.app\/ajuntamentbarcelona\/cursos-amb-descomptes-per-a-lafiliacio-de-comissions-obreres\/#more-6235\" aria-label=\"M\u00e9s informaci\u00f3 sobre Cursos amb descomptes per a l&#8217;afiliaci\u00f3 de Comissions Obreres.\">Llegeix-ne m\u00e9s \u00bb<\/a><\/p>\n","protected":false},"author":97114,"featured_media":6236,"comment_status":"closed","ping_status":"closed","sticky":false,"template":"","format":"standard","meta":{"footnotes":""},"categories":[304,308],"tags":[],"class_list":["post-6235","post","type-post","status-publish","format-standard","has-post-thumbnail","hentry","category-ajuntament","category-formacio","generate-columns","tablet-grid-50","mobile-grid-100","grid-parent","grid-33"],"_links":{"self":[{"href":"https:\/\/ccoo.app\/ajuntamentbarcelona\/wp-json\/wp\/v2\/posts\/6235","targetHints":{"allow":["GET"]}}],"collection":[{"href":"https:\/\/ccoo.app\/ajuntamentbarcelona\/wp-json\/wp\/v2\/posts"}],"about":[{"href":"https:\/\/ccoo.app\/ajuntamentbarcelona\/wp-json\/wp\/v2\/types\/post"}],"author":[{"embeddable":true,"href":"https:\/\/ccoo.app\/ajuntamentbarcelona\/wp-json\/wp\/v2\/users\/97114"}],"replies":[{"embeddable":true,"href":"https:\/\/ccoo.app\/ajuntamentbarcelona\/wp-json\/wp\/v2\/comments?post=6235"}],"version-history":[{"count":0,"href":"https:\/\/ccoo.app\/ajuntamentbarcelona\/wp-json\/wp\/v2\/posts\/6235\/revisions"}],"wp:featuredmedia":[{"embeddable":true,"href":"https:\/\/ccoo.app\/ajuntamentbarcelona\/wp-json\/wp\/v2\/media\/6236"}],"wp:attachment":[{"href":"https:\/\/ccoo.app\/ajuntamentbarcelona\/wp-json\/wp\/v2\/media?parent=6235"}],"wp:term":[{"taxonomy":"category","embeddable":true,"href":"https:\/\/ccoo.app\/ajuntamentbarcelona\/wp-json\/wp\/v2\/categories?post=6235"},{"taxonomy":"post_tag","embeddable":true,"href":"https:\/\/ccoo.app\/ajuntamentbarcelona\/wp-json\/wp\/v2\/tags?post=6235"}],"curies":[{"name":"wp","href":"https:\/\/api.w.org\/{rel}","templated":true}]}}