{"id":6230,"date":"2020-11-06T10:17:59","date_gmt":"2020-11-06T09:17:59","guid":{"rendered":"https:\/\/ccoo.app\/ajuntamentbarcelona\/?p=6230"},"modified":"2020-11-06T10:17:59","modified_gmt":"2020-11-06T09:17:59","slug":"vetllem-per-la-salut-de-tota-la-plantilla-davant-la-situacio-actual-de-la-pandemia","status":"publish","type":"post","link":"https:\/\/ccoo.app\/ajuntamentbarcelona\/vetllem-per-la-salut-de-tota-la-plantilla-davant-la-situacio-actual-de-la-pandemia\/","title":{"rendered":"VETLLEM PER LA SALUT DE TOTA LA PLANTILLA DAVANT LA SITUACI\u00d3 ACTUAL DE LA PAND\u00c8MIA."},"content":{"rendered":"\n<div class=\"wp-block-image\"><figure class=\"aligncenter size-large\"><img loading=\"lazy\" decoding=\"async\" width=\"640\" height=\"423\" src=\"http:\/\/ccoo.app\/ajuntamentbarcelona\/wp-content\/blogs.dir\/6\/files\/sites\/228\/2020\/11\/coronavirus-4945416_640.jpg\" alt=\"\" class=\"wp-image-6231\" srcset=\"https:\/\/ccoo.app\/ajuntamentbarcelona\/wp-content\/blogs.dir\/6\/files\/sites\/228\/2020\/11\/coronavirus-4945416_640.jpg 640w, https:\/\/ccoo.app\/ajuntamentbarcelona\/wp-content\/blogs.dir\/6\/files\/sites\/228\/2020\/11\/coronavirus-4945416_640-300x198.jpg 300w\" sizes=\"auto, (max-width: 640px) 100vw, 640px\" \/><figcaption>Fem una crida a tota la plantilla perqu\u00e8 ens feu arribar els dubtes, problemes i reclamacions que pugui haver-hi.<\/figcaption><\/figure><\/div>\n\n\n\n<p>Des de l\u2019equip de <a href=\"https:\/\/ccoo.app\/ajuntamentbarcelona\/salut-laboral\/\" target=\"_blank\" rel=\"noreferrer noopener\">Seguretat Laboral de la Secci\u00f3 Sindical de CCOO<\/a> us volem informar de la celebraci\u00f3 del proper Comit\u00e8 de Seguretat i Salut Laboral (CSSL) el divendres 13 de novembre a les 10:30 hores per v\u00eddeo confer\u00e8ncia.<\/p>\n\n\n\n<p>CCOO, per aquest motiu, convidem a totes i cadascuna de les persones de la plantilla de l\u2019Ajuntament de Barcelona, que ens feu arribar qualsevol consulta, problem\u00e0tica o situaci\u00f3, de car\u00e0cter general, derivada de l\u2019aplicaci\u00f3 de les darreres mesures adoptades davant la situaci\u00f3 actual de la pand\u00e8mia, com:<\/p>\n\n\n\n<ul class=\"wp-block-list\"><li>Criteris de presencialitat i de treball a dist\u00e0ncia.<\/li><li>L\u2019exist\u00e8ncia de material EPI, suficient, en cada centre de treball.<\/li><li>Conciliaci\u00f3 familiar.<\/li><li>Aplicaci\u00f3 dels protocols aire\/ventilaci\u00f3 de cara a l\u2019hivern.<\/li><li>Finalment, per qualsevol altra q\u00fcesti\u00f3 d\u2019inter\u00e8s.<\/li><\/ul>\n\n\n\n<p><a href=\"https:\/\/ccoo.app\/ajuntamentbarcelona\/\" target=\"_blank\" rel=\"noreferrer noopener\">Comissions Obreres<\/a>&nbsp;defensa la necessitat de garantir la prestaci\u00f3 de tots els serveis p\u00fablics perqu\u00e8 la situaci\u00f3 general aix\u00ed ho requereix i fer-ho amb totes les garanties sanit\u00e0ries i de prevenci\u00f3 necess\u00e0ries! Per aix\u00f2 us demanem la vostra col\u00b7laboraci\u00f3.<\/p>\n\n\n\n<p>Per assegurar el compliment d\u2019aquestes mesures cal la vostra ajuda.<\/p>\n\n\n\n<p>CCOO fa una crida a tota la plantilla perqu\u00e8 ens feu arribar els dubtes, problemes i reclamacions que pugui haver-hi als vostres centres de treball sobre aquests temes.<\/p>\n\n\n\n<p><a href=\"https:\/\/ccoo.app\/ajuntamentbarcelona\/ultima-hora\/\" target=\"_blank\" rel=\"noreferrer noopener\">Si vols estar al dia, visita la secci\u00f3 de comunicats de la nostra web.<\/a><\/p>\n","protected":false},"excerpt":{"rendered":"<p>Des de l\u2019equip de Seguretat Laboral de la Secci\u00f3 Sindical de CCOO us volem informar de la celebraci\u00f3 del proper Comit\u00e8 de Seguretat i Salut Laboral (CSSL) el divendres 13 &#8230; <\/p>\n<p class=\"read-more-container\"><a title=\"VETLLEM PER LA SALUT DE TOTA LA PLANTILLA DAVANT LA SITUACI\u00d3 ACTUAL DE LA PAND\u00c8MIA.\" class=\"read-more button\" href=\"https:\/\/ccoo.app\/ajuntamentbarcelona\/vetllem-per-la-salut-de-tota-la-plantilla-davant-la-situacio-actual-de-la-pandemia\/#more-6230\" aria-label=\"M\u00e9s informaci\u00f3 sobre VETLLEM PER LA SALUT DE TOTA LA PLANTILLA DAVANT LA SITUACI\u00d3 ACTUAL DE LA PAND\u00c8MIA.\">Llegeix-ne m\u00e9s \u00bb<\/a><\/p>\n","protected":false},"author":97114,"featured_media":6231,"comment_status":"closed","ping_status":"closed","sticky":false,"template":"","format":"standard","meta":{"footnotes":""},"categories":[304,324],"tags":[],"class_list":["post-6230","post","type-post","status-publish","format-standard","has-post-thumbnail","hentry","category-ajuntament","category-coronavirus","generate-columns","tablet-grid-50","mobile-grid-100","grid-parent","grid-33"],"_links":{"self":[{"href":"https:\/\/ccoo.app\/ajuntamentbarcelona\/wp-json\/wp\/v2\/posts\/6230","targetHints":{"allow":["GET"]}}],"collection":[{"href":"https:\/\/ccoo.app\/ajuntamentbarcelona\/wp-json\/wp\/v2\/posts"}],"about":[{"href":"https:\/\/ccoo.app\/ajuntamentbarcelona\/wp-json\/wp\/v2\/types\/post"}],"author":[{"embeddable":true,"href":"https:\/\/ccoo.app\/ajuntamentbarcelona\/wp-json\/wp\/v2\/users\/97114"}],"replies":[{"embeddable":true,"href":"https:\/\/ccoo.app\/ajuntamentbarcelona\/wp-json\/wp\/v2\/comments?post=6230"}],"version-history":[{"count":0,"href":"https:\/\/ccoo.app\/ajuntamentbarcelona\/wp-json\/wp\/v2\/posts\/6230\/revisions"}],"wp:featuredmedia":[{"embeddable":true,"href":"https:\/\/ccoo.app\/ajuntamentbarcelona\/wp-json\/wp\/v2\/media\/6231"}],"wp:attachment":[{"href":"https:\/\/ccoo.app\/ajuntamentbarcelona\/wp-json\/wp\/v2\/media?parent=6230"}],"wp:term":[{"taxonomy":"category","embeddable":true,"href":"https:\/\/ccoo.app\/ajuntamentbarcelona\/wp-json\/wp\/v2\/categories?post=6230"},{"taxonomy":"post_tag","embeddable":true,"href":"https:\/\/ccoo.app\/ajuntamentbarcelona\/wp-json\/wp\/v2\/tags?post=6230"}],"curies":[{"name":"wp","href":"https:\/\/api.w.org\/{rel}","templated":true}]}}