{"id":4037,"date":"2019-03-25T12:38:03","date_gmt":"2019-03-25T11:38:03","guid":{"rendered":"https:\/\/ccoo.app\/ajuntamentbarcelona\/?p=4037"},"modified":"2019-03-25T12:38:03","modified_gmt":"2019-03-25T11:38:03","slug":"ja-som-a-instagram","status":"publish","type":"post","link":"https:\/\/ccoo.app\/ajuntamentbarcelona\/ja-som-a-instagram\/","title":{"rendered":"Ja som a Instagram!!!"},"content":{"rendered":"<p><a href=\"https:\/\/www.instagram.com\/p\/BvbLQHDARt8\/\">https:\/\/www.instagram.com\/p\/BvbLQHDARt8\/<\/a><\/p>\n<p>Ja som a Instagram!!!<\/p>\n<p>&nbsp;<\/p>\n<p>Des d\u2019avui, la secci\u00f3 sindical de CCOO de l\u2019Ajuntament de Barcelona tenim un compte <a href=\"https:\/\/www.instagram.com\/ccooajtbcn\/\">(ccooajtbcn)<\/a> a la xarxa social Instagram una xarxa molt visual on els seus usuaris comparteixen imatges i fotografies.<\/p>\n<p>La transpar\u00e8ncia i el foment de la comunicaci\u00f3 interna i externa s\u00f3n part de l&#8217;ess\u00e8ncia de la secci\u00f3 sindical de CCOO de l&#8217;Ajuntament de Barcelona, per aquest motiu iniciem un cam\u00ed a Instagram per informar, reivindicar i defensar els drets laborals dels treballadors i treballadores, com fem tamb\u00e9 a la <a href=\"https:\/\/ccoo.app\/ajuntamentbarcelona\/\">web<\/a>, <a href=\"https:\/\/twitter.com\/CCOOAJTBCN\">Twitter<\/a>, <a href=\"t.me\/ccooajb\">Telegram<\/a> i <a href=\"https:\/\/www.facebook.com\/ajuntamentbcnccoo\">Facebook<\/a>.<\/p>\n<p>La nostra missi\u00f3 \u00e9s lluitar per la transformaci\u00f3 social, la millora dels serveis a la ciutadania, la defensa i la recuperaci\u00f3 dels drets laborals perduts i la millora dels nous.<\/p>\n<p>Mostrem oposici\u00f3 a qualsevol autotarisme de l&#8217;administraci\u00f3.<\/p>\n<p>Com a sindicat de classe, des de la participaci\u00f3 de la nostra afiliaci\u00f3, sempre tenim com a base els criteris d&#8217;igualtat i transpar\u00e8ncia en els processos i en la presa de decisions.<\/p>\n<p>Creiem en el que fem, volem recuperar el paper del Sindicat i cr\u00e9ixer en afiliaci\u00f3, transmetent il\u00b7lusi\u00f3 i generant confian\u00e7a.<\/p>\n<p>Gr\u00e0cies per seguir-nos i us encoratgem per enviar-nos continguts, fotos, v\u00eddeos, etc i sobretot a fer comentaris, critiques constructives que ens ajudin a millorar com sindicat i per tant, ajudin a millorar els drets laborals dels treballadors i treballadores.<\/p>\n<p>Des del nostre perfil us farem arribar fotografies i material audiovisual que creiem us agradaran.<\/p>\n<p><span lang=\"CA\"><a href=\"https:\/\/www.instagram.com\/ccooajtbcn\/\" target=\"_blank\" rel=\"noopener noreferrer\" data-saferedirecturl=\"https:\/\/www.google.com\/url?q=https:\/\/www.instagram.com\/ccooajtbcn\/&amp;source=gmail&amp;ust=1553600074022000&amp;usg=AFQjCNHIZczna0yM7vqpG2WdbpapOA1N0w\">Veure el compte d&#8217;Instagram de CCOO<\/a><\/span>    \t<\/p>\n","protected":false},"excerpt":{"rendered":"<p>Des d\u2019avui, la secci\u00f3 sindical de CCOO de l\u2019Ajuntament de Barcelona tenim un compte (ccooajtbcn) a la xarxa social Instagram una xarxa molt visual on els seus usuaris comparteixen imatges i fotografies.\t\t<\/p>\n","protected":false},"author":97114,"featured_media":4039,"comment_status":"closed","ping_status":"closed","sticky":false,"template":"","format":"standard","meta":{"footnotes":""},"categories":[303],"tags":[],"class_list":["post-4037","post","type-post","status-publish","format-standard","has-post-thumbnail","hentry","category-guardia-urbana","generate-columns","tablet-grid-50","mobile-grid-100","grid-parent","grid-33"],"_links":{"self":[{"href":"https:\/\/ccoo.app\/ajuntamentbarcelona\/wp-json\/wp\/v2\/posts\/4037","targetHints":{"allow":["GET"]}}],"collection":[{"href":"https:\/\/ccoo.app\/ajuntamentbarcelona\/wp-json\/wp\/v2\/posts"}],"about":[{"href":"https:\/\/ccoo.app\/ajuntamentbarcelona\/wp-json\/wp\/v2\/types\/post"}],"author":[{"embeddable":true,"href":"https:\/\/ccoo.app\/ajuntamentbarcelona\/wp-json\/wp\/v2\/users\/97114"}],"replies":[{"embeddable":true,"href":"https:\/\/ccoo.app\/ajuntamentbarcelona\/wp-json\/wp\/v2\/comments?post=4037"}],"version-history":[{"count":0,"href":"https:\/\/ccoo.app\/ajuntamentbarcelona\/wp-json\/wp\/v2\/posts\/4037\/revisions"}],"wp:featuredmedia":[{"embeddable":true,"href":"https:\/\/ccoo.app\/ajuntamentbarcelona\/wp-json\/wp\/v2\/media\/4039"}],"wp:attachment":[{"href":"https:\/\/ccoo.app\/ajuntamentbarcelona\/wp-json\/wp\/v2\/media?parent=4037"}],"wp:term":[{"taxonomy":"category","embeddable":true,"href":"https:\/\/ccoo.app\/ajuntamentbarcelona\/wp-json\/wp\/v2\/categories?post=4037"},{"taxonomy":"post_tag","embeddable":true,"href":"https:\/\/ccoo.app\/ajuntamentbarcelona\/wp-json\/wp\/v2\/tags?post=4037"}],"curies":[{"name":"wp","href":"https:\/\/api.w.org\/{rel}","templated":true}]}}