{"id":3032,"date":"2018-11-08T18:09:53","date_gmt":"2018-11-08T17:09:53","guid":{"rendered":"https:\/\/ccoo.app\/ajuntamentbarcelona\/?p=3032"},"modified":"2018-11-08T18:09:53","modified_gmt":"2018-11-08T17:09:53","slug":"reunio-relacio-de-llocs-de-treball-7-de-novembre-de-2018-ccoo-hem-demanat","status":"publish","type":"post","link":"https:\/\/ccoo.app\/ajuntamentbarcelona\/reunio-relacio-de-llocs-de-treball-7-de-novembre-de-2018-ccoo-hem-demanat\/","title":{"rendered":"REUNI\u00d3 RELACI\u00d3 DE LLOCS DE TREBALL    7 DE NOVEMBRE DE 2018    CCOO HEM DEMANAT"},"content":{"rendered":"<table>\n<tbody>\n<tr>\n<td style=\"text-align: center\">&nbsp;<\/td>\n<td>\n<p style=\"text-align: center\"><b>A LA REUNI\u00d3 RELACI\u00d3 DE LLOCS DE TREBALL<\/b><\/p>\n<p style=\"text-align: center\"><b>D\u2019AVUI 7 DE NOVEMBRE DE 2018<\/b><\/p>\n<p style=\"text-align: center\"><b>CCOO HEM DEMANAT<\/b><\/p>\n<p>Tots els organigrames de tots els centres de treball, inclosos els ens que s\u2019han d\u2019adherir.<\/p>\n<p>Que els llocs de treball estructurals ocupats per externs constin a la RLLT.<\/p>\n<p>A les reunions de devoluci\u00f3 dels grups de la RLLT pensem que s\u2019ha de presentar la informaci\u00f3 completa (en forma organigrama) no com ho estan fent (llista desendre\u00e7ada)<\/p>\n<p>Que ens donin les funcions i les fitxes dels llocs de treball.<\/p>\n<p>Les garanties per escrit que es van acordar a l\u2019acta de desembre de 2012.<\/p>\n<p>Que ens donin la proposta de Reglament de l\u2019Ajuntament, de moment nom\u00e9s tenim el de Madrid (entregat per RH com a model suposem).<\/p>\n<p>Els llocs de treball basificats, que s\u2019han perdut de 2013 a 2015, ens han donat 2017 i 2018, com ja us hem explicat anteriorment s\u00f3n els llocs singulars que ara estan ocupats per personal inter\u00ed i han rebaixat de nivell.<\/p>\n<p>Un calendari de la valoraci\u00f3 dels llocs de treball.<\/p>\n<p>Sobre la proposta d\u2019\u00edtems de valoraci\u00f3, que ens han donat opinem que:<\/p>\n<p>A la responsabilitat jer\u00e0rquica s\u2019ha de valorar en tot cas la feina que es fa als departaments no la qualificaci\u00f3 t\u00e8cnica del personal que es dirigeix.<\/p>\n<p>Trobem que els \u00edtems de la responsabilitat especial no estan adaptats a la realitat municipal, els subfactors de valoraci\u00f3 no estan enfocats als llocs de treball municipals.<\/p>\n<p>Necessitem saber que hi ha sota cada subfactor (que signifiquen a l\u2019hora de valorar) per poder dir si estem d\u2019acord amb aquests \u00edtems.<\/p>\n<p>Consorci Educaci\u00f3 de Barcelona:<\/p>\n<p>Volem l\u2019organigrama perqu\u00e8 no estan fent res.<\/p>\n<p style=\"text-align: center\">US CONTINUAREM INFORMANT,&nbsp;<\/p>\n<p style=\"text-align: center\">CCOO VOLEM UNA RELACI\u00d3 DE LLOCS DE TREBALL DE VERITAT!!!<\/p>\n<table>\n<tbody>\n<tr>\n<td>&nbsp;<\/td>\n<td>&nbsp;<\/td>\n<\/tr>\n<\/tbody>\n<\/table>\n<\/td>\n<td>&nbsp;<\/td>\n<\/tr>\n<\/tbody>\n<\/table>\n","protected":false},"excerpt":{"rendered":"<p>&nbsp; A LA REUNI\u00d3 RELACI\u00d3 DE LLOCS DE TREBALL D\u2019AVUI 7 DE NOVEMBRE DE 2018 CCOO HEM DEMANAT Tots els organigrames de tots els centres de treball, inclosos els ens &#8230; <\/p>\n<p class=\"read-more-container\"><a title=\"REUNI\u00d3 RELACI\u00d3 DE LLOCS DE TREBALL    7 DE NOVEMBRE DE 2018    CCOO HEM DEMANAT\" class=\"read-more button\" href=\"https:\/\/ccoo.app\/ajuntamentbarcelona\/reunio-relacio-de-llocs-de-treball-7-de-novembre-de-2018-ccoo-hem-demanat\/#more-3032\" aria-label=\"M\u00e9s informaci\u00f3 sobre REUNI\u00d3 RELACI\u00d3 DE LLOCS DE TREBALL    7 DE NOVEMBRE DE 2018    CCOO HEM DEMANAT\">Llegeix-ne m\u00e9s \u00bb<\/a><\/p>\n","protected":false},"author":97112,"featured_media":2963,"comment_status":"closed","ping_status":"closed","sticky":false,"template":"","format":"standard","meta":{"footnotes":""},"categories":[304],"tags":[],"class_list":["post-3032","post","type-post","status-publish","format-standard","has-post-thumbnail","hentry","category-ajuntament","generate-columns","tablet-grid-50","mobile-grid-100","grid-parent","grid-33"],"_links":{"self":[{"href":"https:\/\/ccoo.app\/ajuntamentbarcelona\/wp-json\/wp\/v2\/posts\/3032","targetHints":{"allow":["GET"]}}],"collection":[{"href":"https:\/\/ccoo.app\/ajuntamentbarcelona\/wp-json\/wp\/v2\/posts"}],"about":[{"href":"https:\/\/ccoo.app\/ajuntamentbarcelona\/wp-json\/wp\/v2\/types\/post"}],"author":[{"embeddable":true,"href":"https:\/\/ccoo.app\/ajuntamentbarcelona\/wp-json\/wp\/v2\/users\/97112"}],"replies":[{"embeddable":true,"href":"https:\/\/ccoo.app\/ajuntamentbarcelona\/wp-json\/wp\/v2\/comments?post=3032"}],"version-history":[{"count":0,"href":"https:\/\/ccoo.app\/ajuntamentbarcelona\/wp-json\/wp\/v2\/posts\/3032\/revisions"}],"wp:featuredmedia":[{"embeddable":true,"href":"https:\/\/ccoo.app\/ajuntamentbarcelona\/wp-json\/wp\/v2\/media\/2963"}],"wp:attachment":[{"href":"https:\/\/ccoo.app\/ajuntamentbarcelona\/wp-json\/wp\/v2\/media?parent=3032"}],"wp:term":[{"taxonomy":"category","embeddable":true,"href":"https:\/\/ccoo.app\/ajuntamentbarcelona\/wp-json\/wp\/v2\/categories?post=3032"},{"taxonomy":"post_tag","embeddable":true,"href":"https:\/\/ccoo.app\/ajuntamentbarcelona\/wp-json\/wp\/v2\/tags?post=3032"}],"curies":[{"name":"wp","href":"https:\/\/api.w.org\/{rel}","templated":true}]}}