{"id":3026,"date":"2018-10-26T13:31:33","date_gmt":"2018-10-26T12:31:33","guid":{"rendered":"https:\/\/ccoo.app\/ajuntamentbarcelona\/?p=3026"},"modified":"2018-10-26T13:31:33","modified_gmt":"2018-10-26T12:31:33","slug":"continuem-la-lluita-de-l1-als-jutjats-ara-els-interessos","status":"publish","type":"post","link":"https:\/\/ccoo.app\/ajuntamentbarcelona\/continuem-la-lluita-de-l1-als-jutjats-ara-els-interessos\/","title":{"rendered":"Continuem la lluita de l&#8217;1% als jutjats, ara els interessos!"},"content":{"rendered":"<p>PRESENTEM AL\u00b7LEGACIONS PELS INTERESSOS DE L&#8217;1%<\/p>\n<p><span style=\"font-weight: inherit\">RECLAMACI\u00d3 QUE VA INICIAR CCOO<\/span><\/p>\n<p><span style=\"font-weight: inherit\">TOTA LA PLANTILLA MUNICIPAL HA DE COBRAR-LOS<\/span><\/p>\n<p>&nbsp;<\/p>\n<p><b>Us informem que hem presentat al\u00b7legacions&nbsp;<\/b>a l&#8217;escrit que l\u2019Ajuntament de Barcelona ha fet al Jutjat per determinar la forma i l\u2019abast de l\u2019execuci\u00f3 de la sent\u00e8ncia que els obliga a pagar els interessos de la Sent\u00e8ncia de l\u20191%, guanyada per CCOO l\u2019any 2012 i pagada al 2016 despr\u00e9s.<\/p>\n<p>&nbsp;<\/p>\n<p>En les al\u00b7legacions (que us adjuntem com sempre hem fet amb els escrits presentats al jutjat) diem clarament que:<\/p>\n<p>&nbsp;<\/p>\n<p>&#8220;A criteri d\u2019aquesta part l\u2019abonament dels interessos ha d\u2019abastar a TOTA LA PLANTILLA MUNICIPAL QUE VA PERCEBRE L\u2019INCREMENT PER LES RESOLUCIONS JUDICIALS&#8221;<\/p>\n<p>&nbsp;<\/p>\n<p>I demanem al jutjat que:<\/p>\n<p>&nbsp;<\/p>\n<p>&#8220;Es tingui per presentat aquest escrit, s\u2019admeti, es tinguin per fetes les presents manifestacions, tot acordant l\u2019abonament dels interessos a tota la plantilla&#8221;<\/p>\n<p>&nbsp;<\/p>\n<p>Us continuarem informant,&nbsp;<b>CCOO lluitar\u00e0 pel pagament a tota la plantilla com hem fet sempre, com ja vam fer durant 4 anys fins a aconseguir el pagament de la primera sent\u00e8ncia de l&#8217;1%!<\/b><\/p>\n<p>&nbsp;<\/p>\n<p><a href=\"http:\/\/ccoo.app\/ajuntamentbarcelona\/wp-content\/blogs.dir\/6\/files\/sites\/228\/2018\/10\/DOC47_Al.legacions_Aclariment_Ajuntament.pdf\">DOC47_Al.legacions_Aclariment_Ajuntament<\/a><\/p>\n","protected":false},"excerpt":{"rendered":"<p>PRESENTEM AL\u00b7LEGACIONS PELS INTERESSOS DE L&#8217;1% RECLAMACI\u00d3 QUE VA INICIAR CCOO TOTA LA PLANTILLA MUNICIPAL HA DE COBRAR-LOS &nbsp; Us informem que hem presentat al\u00b7legacions&nbsp;a l&#8217;escrit que l\u2019Ajuntament de Barcelona &#8230; <\/p>\n<p class=\"read-more-container\"><a title=\"Continuem la lluita de l&#8217;1% als jutjats, ara els interessos!\" class=\"read-more button\" href=\"https:\/\/ccoo.app\/ajuntamentbarcelona\/continuem-la-lluita-de-l1-als-jutjats-ara-els-interessos\/#more-3026\" aria-label=\"M\u00e9s informaci\u00f3 sobre Continuem la lluita de l&#8217;1% als jutjats, ara els interessos!\">Llegeix-ne m\u00e9s \u00bb<\/a><\/p>\n","protected":false},"author":97112,"featured_media":2139,"comment_status":"closed","ping_status":"closed","sticky":false,"template":"","format":"standard","meta":{"footnotes":""},"categories":[304],"tags":[],"class_list":["post-3026","post","type-post","status-publish","format-standard","has-post-thumbnail","hentry","category-ajuntament","generate-columns","tablet-grid-50","mobile-grid-100","grid-parent","grid-33"],"_links":{"self":[{"href":"https:\/\/ccoo.app\/ajuntamentbarcelona\/wp-json\/wp\/v2\/posts\/3026","targetHints":{"allow":["GET"]}}],"collection":[{"href":"https:\/\/ccoo.app\/ajuntamentbarcelona\/wp-json\/wp\/v2\/posts"}],"about":[{"href":"https:\/\/ccoo.app\/ajuntamentbarcelona\/wp-json\/wp\/v2\/types\/post"}],"author":[{"embeddable":true,"href":"https:\/\/ccoo.app\/ajuntamentbarcelona\/wp-json\/wp\/v2\/users\/97112"}],"replies":[{"embeddable":true,"href":"https:\/\/ccoo.app\/ajuntamentbarcelona\/wp-json\/wp\/v2\/comments?post=3026"}],"version-history":[{"count":0,"href":"https:\/\/ccoo.app\/ajuntamentbarcelona\/wp-json\/wp\/v2\/posts\/3026\/revisions"}],"wp:featuredmedia":[{"embeddable":true,"href":"https:\/\/ccoo.app\/ajuntamentbarcelona\/wp-json\/wp\/v2\/media\/2139"}],"wp:attachment":[{"href":"https:\/\/ccoo.app\/ajuntamentbarcelona\/wp-json\/wp\/v2\/media?parent=3026"}],"wp:term":[{"taxonomy":"category","embeddable":true,"href":"https:\/\/ccoo.app\/ajuntamentbarcelona\/wp-json\/wp\/v2\/categories?post=3026"},{"taxonomy":"post_tag","embeddable":true,"href":"https:\/\/ccoo.app\/ajuntamentbarcelona\/wp-json\/wp\/v2\/tags?post=3026"}],"curies":[{"name":"wp","href":"https:\/\/api.w.org\/{rel}","templated":true}]}}