{"id":3009,"date":"2018-10-19T16:55:57","date_gmt":"2018-10-19T15:55:57","guid":{"rendered":"https:\/\/ccoo.app\/ajuntamentbarcelona\/?p=3009"},"modified":"2018-10-19T16:55:57","modified_gmt":"2018-10-19T15:55:57","slug":"informacio-important-ccoo","status":"publish","type":"post","link":"https:\/\/ccoo.app\/ajuntamentbarcelona\/informacio-important-ccoo\/","title":{"rendered":"Informaci\u00f3 important CCOO"},"content":{"rendered":"<p style=\"text-align: center\"><b>INFORMACI\u00d3 IMPORTANT<\/b><\/p>\n<p>Des de&nbsp;<b>CCOO<\/b>&nbsp;us informem, que despr\u00e9s d\u2019haver mantingut diverses reunions els sindicats amb l\u2019Administraci\u00f3, s\u2019han tractat els seg\u00fcents temes.<\/p>\n<p><b>Conveni:<\/b><\/p>\n<p>Al mes de novembre es pagar\u00e0 el&nbsp;<b>6%<\/b>&nbsp;de bonificaci\u00f3 al personal que fa horari redu\u00eft per conciliaci\u00f3 amb fills\/es majors de&nbsp;<b>6 anys<\/b>, d\u2019ofici i de forma retroactiva des de l\u20191 d\u2019agost.<\/p>\n<p>Tamb\u00e9 a novembre es reconeixeran els triennis del personal laboral temporal que no els hi reconeixien.<\/p>\n<p>A octubre a banda dels endarreriments del conveni en experi\u00e8ncia professional i el&nbsp;<b>0,25%<\/b>&nbsp;d\u2019increment dels Pressupostos Generals de l\u2019Estat, es pagaran els triennis rectificats al personal de la jornada a extingir de&nbsp;<b>32,5 h<\/b>.<\/p>\n<p><b>Oferta P\u00fablica:<\/b><\/p>\n<p>S\u2019estan treballant els temaris de&nbsp;<b>C2 i E<\/b>, des de&nbsp;<b>CCOO<\/b>&nbsp;estem lluitant perqu\u00e8 es publiquin pr\u00f2ximament i pugueu comen\u00e7ar a estudiar ja, de&nbsp;<b>C2<\/b>&nbsp;tamb\u00e9 hem demanat que es publiqui el contingut de la prova d\u2019ofim\u00e0tica. L\u2019examen de temari ser\u00e0 segurament al juny a petici\u00f3 dels sindicats, perqu\u00e8 tingueu com a m\u00ednim 8 mesos per estudiar.<\/p>\n<p>Pels&nbsp;<b>A1 i A2<\/b>, els temaris comuns ja fa temps que estan penjats a la web municipal, les proves seran amb data aproximada d\u2019abril, el temari espec\u00edfic est\u00e0 per acordar i les proves d\u2019aquesta part del temari seran segurament despr\u00e9s de l\u2019estiu. Des de&nbsp;<b>CCOO<\/b>&nbsp;estem demanant tamb\u00e9 que el temari sigui el m\u00e9s adient possible, dins de cadascuna de les categories, segons les tasques que duent a terme. En relaci\u00f3 a la prova de cas pr\u00e0ctic des de&nbsp;<b>CCOO<\/b>&nbsp;demanem que es tinguin en compte els diferents perfils, compet\u00e8ncies o branques existents en cada categoria.<\/p>\n<p>Com ja sabeu des de&nbsp;<b>CCOO<\/b>&nbsp;continuem lluitant perqu\u00e8 l\u2019experi\u00e8ncia professional meriti al m\u00e0xim, que els temaris siguin els m\u00e9s ajustats possible i que les bases afavoreixin a l\u2019estabilitzaci\u00f3 del personal.<\/p>\n<p style=\"text-align: center\"><b>EN QUANT TINGUEM DATES D\u2019EXAMEN I CRITERIS ACORDATS AMB L\u2019ADMINISTRACI\u00d3<\/b><\/p>\n<p><b>US INFORMAREM<\/b><\/p>\n<p><b>Promoci\u00f3 Interna:<\/b><\/p>\n<p>L\u2019examen de temari de&nbsp;<b>C1 a C2<\/b>&nbsp;ser\u00e0 el pr\u00f2xim&nbsp;<b>10 de novembre<\/b>, a&nbsp;<b>les 10 h, a La universitat Pompeu<\/b>&nbsp;<b>Fabra, Campus Ciutadella, C\/Ram\u00f3n Trias Fargas, 25-27 Edifici Roger de Ll\u00faria<\/b>.<\/p>\n<p>Recordeu que heu de portar llapis n\u00famero 2 i goma d\u2019esborrar. Avui s\u2019ha penjat a la intranet la llista nominal.<\/p>\n<p>El Tribunal de la promoci\u00f3 de&nbsp;<b>E a C2<\/b>&nbsp;es reunir\u00e0 el pr\u00f2xim<b>dilluns 22 d\u2019octubre<\/b>&nbsp;per decidir la llista definitiva d\u2019aprovats de l\u2019examen de temari i parlar del dia de la prova d\u2019ofim\u00e0tica, aquell mateix dia possiblement penjaran la llista i el dia de la prova de catal\u00e0.<\/p>\n<p><b>Relaci\u00f3 de Llocs de Treball:<\/b><\/p>\n<p>Des de&nbsp;<b>CCOO<\/b>&nbsp;tenim clar que s\u2019han de posar les bases d\u2019una aut\u00e8ntica Relaci\u00f3 de llocs de Treball amb garanties d\u2019una valoraci\u00f3 de llocs, sense doble escala salarial, amb un reglament, recuperant els llocs de treball singularitzats que ara es cobreixen amb personal inter\u00ed base, amb un organigrama, perqu\u00e8 sigui una Relaci\u00f3 de Llocs de Treball amb un comprom\u00eds de futur en la carrera professional dels treballadors i treballadores de l\u2019Ajuntament de Barcelona.<\/p>\n<p style=\"text-align: center\"><b>LA RELACI\u00d3 DE LLOCS DE TREBALL HA DE SER UNA EINA DE FUTUR I AIX\u00cd HO DEFENSAREM<\/b><\/p>\n<p style=\"text-align: center\"><b>LA LLUITA, EL NOSTRE ADN<\/b><\/p>\n<p><img loading=\"lazy\" decoding=\"async\" class=\"size-medium wp-image-3010 aligncenter\" src=\"http:\/\/ccoo.app\/ajuntamentbarcelona\/wp-content\/blogs.dir\/6\/files\/sites\/228\/2018\/10\/IMG_20181019_175150-210x300.jpg\" alt=\"\" width=\"210\" height=\"300\" srcset=\"https:\/\/ccoo.app\/ajuntamentbarcelona\/wp-content\/blogs.dir\/6\/files\/sites\/228\/2018\/10\/IMG_20181019_175150-210x300.jpg 210w, https:\/\/ccoo.app\/ajuntamentbarcelona\/wp-content\/blogs.dir\/6\/files\/sites\/228\/2018\/10\/IMG_20181019_175150-718x1024.jpg 718w, https:\/\/ccoo.app\/ajuntamentbarcelona\/wp-content\/blogs.dir\/6\/files\/sites\/228\/2018\/10\/IMG_20181019_175150-768x1096.jpg 768w, https:\/\/ccoo.app\/ajuntamentbarcelona\/wp-content\/blogs.dir\/6\/files\/sites\/228\/2018\/10\/IMG_20181019_175150.jpg 995w\" sizes=\"auto, (max-width: 210px) 100vw, 210px\" \/><\/p>\n","protected":false},"excerpt":{"rendered":"<p>INFORMACI\u00d3 IMPORTANT Des de&nbsp;CCOO&nbsp;us informem, que despr\u00e9s d\u2019haver mantingut diverses reunions els sindicats amb l\u2019Administraci\u00f3, s\u2019han tractat els seg\u00fcents temes. Conveni: Al mes de novembre es pagar\u00e0 el&nbsp;6%&nbsp;de bonificaci\u00f3 al &#8230; <\/p>\n<p class=\"read-more-container\"><a title=\"Informaci\u00f3 important CCOO\" class=\"read-more button\" href=\"https:\/\/ccoo.app\/ajuntamentbarcelona\/informacio-important-ccoo\/#more-3009\" aria-label=\"M\u00e9s informaci\u00f3 sobre Informaci\u00f3 important CCOO\">Llegeix-ne m\u00e9s \u00bb<\/a><\/p>\n","protected":false},"author":97112,"featured_media":3010,"comment_status":"closed","ping_status":"closed","sticky":false,"template":"","format":"standard","meta":{"footnotes":""},"categories":[304],"tags":[],"class_list":["post-3009","post","type-post","status-publish","format-standard","has-post-thumbnail","hentry","category-ajuntament","generate-columns","tablet-grid-50","mobile-grid-100","grid-parent","grid-33"],"_links":{"self":[{"href":"https:\/\/ccoo.app\/ajuntamentbarcelona\/wp-json\/wp\/v2\/posts\/3009","targetHints":{"allow":["GET"]}}],"collection":[{"href":"https:\/\/ccoo.app\/ajuntamentbarcelona\/wp-json\/wp\/v2\/posts"}],"about":[{"href":"https:\/\/ccoo.app\/ajuntamentbarcelona\/wp-json\/wp\/v2\/types\/post"}],"author":[{"embeddable":true,"href":"https:\/\/ccoo.app\/ajuntamentbarcelona\/wp-json\/wp\/v2\/users\/97112"}],"replies":[{"embeddable":true,"href":"https:\/\/ccoo.app\/ajuntamentbarcelona\/wp-json\/wp\/v2\/comments?post=3009"}],"version-history":[{"count":0,"href":"https:\/\/ccoo.app\/ajuntamentbarcelona\/wp-json\/wp\/v2\/posts\/3009\/revisions"}],"wp:featuredmedia":[{"embeddable":true,"href":"https:\/\/ccoo.app\/ajuntamentbarcelona\/wp-json\/wp\/v2\/media\/3010"}],"wp:attachment":[{"href":"https:\/\/ccoo.app\/ajuntamentbarcelona\/wp-json\/wp\/v2\/media?parent=3009"}],"wp:term":[{"taxonomy":"category","embeddable":true,"href":"https:\/\/ccoo.app\/ajuntamentbarcelona\/wp-json\/wp\/v2\/categories?post=3009"},{"taxonomy":"post_tag","embeddable":true,"href":"https:\/\/ccoo.app\/ajuntamentbarcelona\/wp-json\/wp\/v2\/tags?post=3009"}],"curies":[{"name":"wp","href":"https:\/\/api.w.org\/{rel}","templated":true}]}}