{"id":300,"date":"2016-06-27T08:04:58","date_gmt":"2016-06-27T07:04:58","guid":{"rendered":"https:\/\/bombersbarcelona.ccoo.cat\/?p=300"},"modified":"2016-06-27T08:04:58","modified_gmt":"2016-06-27T07:04:58","slug":"reunions-amb-els-grups-politics-municipals","status":"publish","type":"post","link":"https:\/\/ccoo.app\/ajuntamentbarcelona\/reunions-amb-els-grups-politics-municipals\/","title":{"rendered":"Reunions amb els Grups Pol\u00edtics Municipals"},"content":{"rendered":"<p>&nbsp;<\/p>\n<p>&nbsp;<\/p>\n<p>&nbsp;<\/p>\n<p><img loading=\"lazy\" decoding=\"async\" class=\"wp-image-301 aligncenter\" src=\"https:\/\/bombersbarcelona.ccoo.cat\/wp-content\/uploads\/sites\/28\/2016\/06\/2016-06-26-reunions-grrups-politics_001-212x300.jpg\" alt=\"2016-06-26 reunions grrups politics_001\" width=\"471\" height=\"667\" srcset=\"https:\/\/ccoo.app\/ajuntamentbarcelona\/wp-content\/blogs.dir\/6\/files\/sites\/228\/2016\/06\/2016-06-26-reunions-grrups-politics_001-212x300.jpg 212w, https:\/\/ccoo.app\/ajuntamentbarcelona\/wp-content\/blogs.dir\/6\/files\/sites\/228\/2016\/06\/2016-06-26-reunions-grrups-politics_001.jpg 595w\" sizes=\"auto, (max-width: 471px) 100vw, 471px\" \/><\/p>\n<p>&nbsp;<\/p>\n<p><iframe loading=\"lazy\" title=\"Comissi\u00f3 de Presid\u00e8ncia, Drets de Ciutadania, Participaci\u00f3 i Seguretat i Mobilitat 22\/06\/2016\" width=\"1200\" height=\"675\" src=\"https:\/\/www.youtube.com\/embed\/NGs5BhvIQ8g?start=7877&#038;feature=oembed\" frameborder=\"0\" allow=\"accelerometer; autoplay; clipboard-write; encrypted-media; gyroscope; picture-in-picture; web-share\" referrerpolicy=\"strict-origin-when-cross-origin\" allowfullscreen><\/iframe>    \t<\/p>\n","protected":false},"excerpt":{"rendered":"<p>&nbsp; &nbsp; &nbsp; &nbsp;<\/p>\n","protected":false},"author":97114,"featured_media":301,"comment_status":"open","ping_status":"open","sticky":false,"template":"","format":"standard","meta":{"footnotes":""},"categories":[313],"tags":[],"class_list":["post-300","post","type-post","status-publish","format-standard","has-post-thumbnail","hentry","category-313","generate-columns","tablet-grid-50","mobile-grid-100","grid-parent","grid-33"],"_links":{"self":[{"href":"https:\/\/ccoo.app\/ajuntamentbarcelona\/wp-json\/wp\/v2\/posts\/300","targetHints":{"allow":["GET"]}}],"collection":[{"href":"https:\/\/ccoo.app\/ajuntamentbarcelona\/wp-json\/wp\/v2\/posts"}],"about":[{"href":"https:\/\/ccoo.app\/ajuntamentbarcelona\/wp-json\/wp\/v2\/types\/post"}],"author":[{"embeddable":true,"href":"https:\/\/ccoo.app\/ajuntamentbarcelona\/wp-json\/wp\/v2\/users\/97114"}],"replies":[{"embeddable":true,"href":"https:\/\/ccoo.app\/ajuntamentbarcelona\/wp-json\/wp\/v2\/comments?post=300"}],"version-history":[{"count":0,"href":"https:\/\/ccoo.app\/ajuntamentbarcelona\/wp-json\/wp\/v2\/posts\/300\/revisions"}],"wp:featuredmedia":[{"embeddable":true,"href":"https:\/\/ccoo.app\/ajuntamentbarcelona\/wp-json\/wp\/v2\/media\/301"}],"wp:attachment":[{"href":"https:\/\/ccoo.app\/ajuntamentbarcelona\/wp-json\/wp\/v2\/media?parent=300"}],"wp:term":[{"taxonomy":"category","embeddable":true,"href":"https:\/\/ccoo.app\/ajuntamentbarcelona\/wp-json\/wp\/v2\/categories?post=300"},{"taxonomy":"post_tag","embeddable":true,"href":"https:\/\/ccoo.app\/ajuntamentbarcelona\/wp-json\/wp\/v2\/tags?post=300"}],"curies":[{"name":"wp","href":"https:\/\/api.w.org\/{rel}","templated":true}]}}