{"id":2995,"date":"2018-10-09T10:52:12","date_gmt":"2018-10-09T09:52:12","guid":{"rendered":"https:\/\/ccoo.app\/ajuntamentbarcelona\/?p=2995"},"modified":"2018-10-09T10:52:12","modified_gmt":"2018-10-09T09:52:12","slug":"fons-daccio-social-fas-2017-2","status":"publish","type":"post","link":"https:\/\/ccoo.app\/ajuntamentbarcelona\/fons-daccio-social-fas-2017-2\/","title":{"rendered":"Fons d&#8217;Acci\u00f3 Social (FAS) 2017"},"content":{"rendered":"<div style=\"text-align: center\">CONVOCAT\u00d2RIA PER A LA CONCESSI\u00d3 D&#8217;AJUTS DEL FONS D&#8217;ACCI\u00d3 SOCIAL DE L&#8217;AJUNTAMENT DE BARCELONA (FAS) PER A L&#8217;ANY&nbsp;<span class=\"hiddenGrammarError\">2017<\/span><\/div>\n<div>&nbsp;<\/div>\n<div>&nbsp;<\/div>\n<p>\u00das avancem que ja s&#8217;han publicat a la<a href=\"http:\/\/vssl.bcn.cat\">&nbsp;intranet municipal<\/a>&nbsp;els&nbsp;resultats provisionals de les sol\u00b7licituds aprovades i denegades del Fons D&#8217;acci\u00f3 Social (FAS) corresponents a l&#8217;any 2017.<\/p>\n<p>La publicaci\u00f3 d&#8217;aquest anunci, d&#8217;acord amb el que preveu l&#8217;apartat 10.1 de les bases de la convocat\u00f2ria, obre el termini de 15 dies naturals, a comptar de l&#8217;endem\u00e0 de la&nbsp;publicaci\u00f3, per a presentar possibles reclamacions i\/o esmenes, si escau, als defectes de la denegaci\u00f3 provisional dels ajuts.<\/p>\n","protected":false},"excerpt":{"rendered":"<p>CONVOCAT\u00d2RIA PER A LA CONCESSI\u00d3 D&#8217;AJUTS DEL FONS D&#8217;ACCI\u00d3 SOCIAL DE L&#8217;AJUNTAMENT DE BARCELONA (FAS) PER A L&#8217;ANY&nbsp;2017 &nbsp; &nbsp; \u00das avancem que ja s&#8217;han publicat a la&nbsp;intranet municipal&nbsp;els&nbsp;resultats provisionals &#8230; <\/p>\n<p class=\"read-more-container\"><a title=\"Fons d&#8217;Acci\u00f3 Social (FAS) 2017\" class=\"read-more button\" href=\"https:\/\/ccoo.app\/ajuntamentbarcelona\/fons-daccio-social-fas-2017-2\/#more-2995\" aria-label=\"M\u00e9s informaci\u00f3 sobre Fons d&#8217;Acci\u00f3 Social (FAS) 2017\">Llegeix-ne m\u00e9s \u00bb<\/a><\/p>\n","protected":false},"author":97112,"featured_media":2873,"comment_status":"closed","ping_status":"closed","sticky":false,"template":"","format":"standard","meta":{"footnotes":""},"categories":[304],"tags":[],"class_list":["post-2995","post","type-post","status-publish","format-standard","has-post-thumbnail","hentry","category-ajuntament","generate-columns","tablet-grid-50","mobile-grid-100","grid-parent","grid-33"],"_links":{"self":[{"href":"https:\/\/ccoo.app\/ajuntamentbarcelona\/wp-json\/wp\/v2\/posts\/2995","targetHints":{"allow":["GET"]}}],"collection":[{"href":"https:\/\/ccoo.app\/ajuntamentbarcelona\/wp-json\/wp\/v2\/posts"}],"about":[{"href":"https:\/\/ccoo.app\/ajuntamentbarcelona\/wp-json\/wp\/v2\/types\/post"}],"author":[{"embeddable":true,"href":"https:\/\/ccoo.app\/ajuntamentbarcelona\/wp-json\/wp\/v2\/users\/97112"}],"replies":[{"embeddable":true,"href":"https:\/\/ccoo.app\/ajuntamentbarcelona\/wp-json\/wp\/v2\/comments?post=2995"}],"version-history":[{"count":0,"href":"https:\/\/ccoo.app\/ajuntamentbarcelona\/wp-json\/wp\/v2\/posts\/2995\/revisions"}],"wp:featuredmedia":[{"embeddable":true,"href":"https:\/\/ccoo.app\/ajuntamentbarcelona\/wp-json\/wp\/v2\/media\/2873"}],"wp:attachment":[{"href":"https:\/\/ccoo.app\/ajuntamentbarcelona\/wp-json\/wp\/v2\/media?parent=2995"}],"wp:term":[{"taxonomy":"category","embeddable":true,"href":"https:\/\/ccoo.app\/ajuntamentbarcelona\/wp-json\/wp\/v2\/categories?post=2995"},{"taxonomy":"post_tag","embeddable":true,"href":"https:\/\/ccoo.app\/ajuntamentbarcelona\/wp-json\/wp\/v2\/tags?post=2995"}],"curies":[{"name":"wp","href":"https:\/\/api.w.org\/{rel}","templated":true}]}}