{"id":2985,"date":"2018-10-04T09:05:42","date_gmt":"2018-10-04T08:05:42","guid":{"rendered":"https:\/\/ccoo.app\/ajuntamentbarcelona\/?p=2985"},"modified":"2018-10-04T09:05:42","modified_gmt":"2018-10-04T08:05:42","slug":"curs-formatiu-de-suport-al-proces-doferta-publica-de-tecnic-superior-a1-ajuntament-barcelona","status":"publish","type":"post","link":"https:\/\/ccoo.app\/ajuntamentbarcelona\/curs-formatiu-de-suport-al-proces-doferta-publica-de-tecnic-superior-a1-ajuntament-barcelona\/","title":{"rendered":"Curs formatiu de suport al proc\u00e9s d&#8217;Oferta P\u00fablica de T\u00e8cnic Superior (A1) Ajuntament Barcelona"},"content":{"rendered":"<div>\n<div>Us fem arribar novament la proposta d&#8217;acci\u00f3 formativa que hem organitzat des de la Secci\u00f3 Sindical i&nbsp;<span class=\"hiddenSpellError\">FORMARTE<\/span>, centre especialitzat en formaci\u00f3 professional continua, per tal de donar suport al proc\u00e9s&nbsp;D&#8217;OFERTA P\u00daBLICA DE LES CATEGORIES DE T\u00c8CNIC SUPERIOR&nbsp;<span class=\"hiddenSpellError\">A1<\/span>.&nbsp;<\/div>\n<div>&nbsp;<\/div>\n<div>&nbsp;<\/div>\n<div><a href=\"http:\/\/www.formar-te.es\/index.php\/preinscripcio-op-tec-supajtbcn\">-Formulari d&#8217;inscripci\u00f3 al curs.<\/a><\/div>\n<div>&nbsp;<\/div>\n<div><a href=\"http:\/\/www.formar-te.es\/documents\/2018\/4q\/CondicionsGeneralsCursTecnicSuperiorA1.pdf\">-Informaci\u00f3 de les condicions generals, calendari i temari.<\/a><\/div>\n<div>&nbsp;<\/div>\n<div>&nbsp;<\/div>\n<div>&nbsp;<\/div>\n<div>Estem conven\u00e7uts que amb la formaci\u00f3 que hem preparat des de la secci\u00f3 sindical de CCOO de l&#8217;Ajuntament de Barcelona assolireu els coneixements \u00f2ptims per superar el proc\u00e9s.<\/div>\n<\/div>\n","protected":false},"excerpt":{"rendered":"<p>Us fem arribar novament la proposta d&#8217;acci\u00f3 formativa que hem organitzat des de la Secci\u00f3 Sindical i&nbsp;FORMARTE, centre especialitzat en formaci\u00f3 professional continua, per tal de donar suport al proc\u00e9s&nbsp;D&#8217;OFERTA &#8230; <\/p>\n<p class=\"read-more-container\"><a title=\"Curs formatiu de suport al proc\u00e9s d&#8217;Oferta P\u00fablica de T\u00e8cnic Superior (A1) Ajuntament Barcelona\" class=\"read-more button\" href=\"https:\/\/ccoo.app\/ajuntamentbarcelona\/curs-formatiu-de-suport-al-proces-doferta-publica-de-tecnic-superior-a1-ajuntament-barcelona\/#more-2985\" aria-label=\"M\u00e9s informaci\u00f3 sobre Curs formatiu de suport al proc\u00e9s d&#8217;Oferta P\u00fablica de T\u00e8cnic Superior (A1) Ajuntament Barcelona\">Llegeix-ne m\u00e9s \u00bb<\/a><\/p>\n","protected":false},"author":97112,"featured_media":2489,"comment_status":"closed","ping_status":"closed","sticky":false,"template":"","format":"standard","meta":{"footnotes":""},"categories":[304,308],"tags":[],"class_list":["post-2985","post","type-post","status-publish","format-standard","has-post-thumbnail","hentry","category-ajuntament","category-formacio","generate-columns","tablet-grid-50","mobile-grid-100","grid-parent","grid-33"],"_links":{"self":[{"href":"https:\/\/ccoo.app\/ajuntamentbarcelona\/wp-json\/wp\/v2\/posts\/2985","targetHints":{"allow":["GET"]}}],"collection":[{"href":"https:\/\/ccoo.app\/ajuntamentbarcelona\/wp-json\/wp\/v2\/posts"}],"about":[{"href":"https:\/\/ccoo.app\/ajuntamentbarcelona\/wp-json\/wp\/v2\/types\/post"}],"author":[{"embeddable":true,"href":"https:\/\/ccoo.app\/ajuntamentbarcelona\/wp-json\/wp\/v2\/users\/97112"}],"replies":[{"embeddable":true,"href":"https:\/\/ccoo.app\/ajuntamentbarcelona\/wp-json\/wp\/v2\/comments?post=2985"}],"version-history":[{"count":0,"href":"https:\/\/ccoo.app\/ajuntamentbarcelona\/wp-json\/wp\/v2\/posts\/2985\/revisions"}],"wp:featuredmedia":[{"embeddable":true,"href":"https:\/\/ccoo.app\/ajuntamentbarcelona\/wp-json\/wp\/v2\/media\/2489"}],"wp:attachment":[{"href":"https:\/\/ccoo.app\/ajuntamentbarcelona\/wp-json\/wp\/v2\/media?parent=2985"}],"wp:term":[{"taxonomy":"category","embeddable":true,"href":"https:\/\/ccoo.app\/ajuntamentbarcelona\/wp-json\/wp\/v2\/categories?post=2985"},{"taxonomy":"post_tag","embeddable":true,"href":"https:\/\/ccoo.app\/ajuntamentbarcelona\/wp-json\/wp\/v2\/tags?post=2985"}],"curies":[{"name":"wp","href":"https:\/\/api.w.org\/{rel}","templated":true}]}}