{"id":2977,"date":"2018-10-01T09:12:07","date_gmt":"2018-10-01T08:12:07","guid":{"rendered":"https:\/\/ccoo.app\/ajuntamentbarcelona\/?p=2977"},"modified":"2018-10-01T09:12:07","modified_gmt":"2018-10-01T08:12:07","slug":"informacio-oferta-publica","status":"publish","type":"post","link":"https:\/\/ccoo.app\/ajuntamentbarcelona\/informacio-oferta-publica\/","title":{"rendered":"Informaci\u00f3 Oferta P\u00fablica"},"content":{"rendered":"<p>Companys i companyes,<\/p>\n<p>Des de CCOO us volem informar que ens han arribat moltes consultes i trucades despr\u00e9s que envi\u00e9ssim el comunicat denunciant l&#8217;endarreriment sense causa justificada de l&#8217;oferta p\u00fablica.<\/p>\n<p>Totes les consultes que han arribat s\u00f3n sobre rumors de les possibles dates.<\/p>\n<p>\u00c9s per aix\u00f2, que volem comunicar a tota la plantilla, que avui dia no se&#8217;ns ha convocat per a aquest tema. Per tant, desmentim qualsevol informaci\u00f3 que es pugui donar sobre l&#8217;oferta p\u00fablica.<\/p>\n<p>Som coneixedors que l&#8217;administraci\u00f3, sembla ser, que est\u00e0 treballant sobre una proposta i estem esperant que en els pr\u00f2xims dies ens convoqui i ens la faci arribar.<\/p>\n<p>Si finalment \u00e9s aix\u00ed i ens la fa, o ens facilita qualsevol informaci\u00f3 oficial sobre l&#8217;oferta p\u00fablica, com sempre hem fet, des de CCOO us informarem immediatament.<\/p>\n<div>&nbsp;<\/div>\n","protected":false},"excerpt":{"rendered":"<p>Companys i companyes, Des de CCOO us volem informar que ens han arribat moltes consultes i trucades despr\u00e9s que envi\u00e9ssim el comunicat denunciant l&#8217;endarreriment sense causa justificada de l&#8217;oferta p\u00fablica. &#8230; <\/p>\n<p class=\"read-more-container\"><a title=\"Informaci\u00f3 Oferta P\u00fablica\" class=\"read-more button\" href=\"https:\/\/ccoo.app\/ajuntamentbarcelona\/informacio-oferta-publica\/#more-2977\" aria-label=\"M\u00e9s informaci\u00f3 sobre Informaci\u00f3 Oferta P\u00fablica\">Llegeix-ne m\u00e9s \u00bb<\/a><\/p>\n","protected":false},"author":97112,"featured_media":2967,"comment_status":"closed","ping_status":"closed","sticky":false,"template":"","format":"standard","meta":{"footnotes":""},"categories":[304],"tags":[],"class_list":["post-2977","post","type-post","status-publish","format-standard","has-post-thumbnail","hentry","category-ajuntament","generate-columns","tablet-grid-50","mobile-grid-100","grid-parent","grid-33"],"_links":{"self":[{"href":"https:\/\/ccoo.app\/ajuntamentbarcelona\/wp-json\/wp\/v2\/posts\/2977","targetHints":{"allow":["GET"]}}],"collection":[{"href":"https:\/\/ccoo.app\/ajuntamentbarcelona\/wp-json\/wp\/v2\/posts"}],"about":[{"href":"https:\/\/ccoo.app\/ajuntamentbarcelona\/wp-json\/wp\/v2\/types\/post"}],"author":[{"embeddable":true,"href":"https:\/\/ccoo.app\/ajuntamentbarcelona\/wp-json\/wp\/v2\/users\/97112"}],"replies":[{"embeddable":true,"href":"https:\/\/ccoo.app\/ajuntamentbarcelona\/wp-json\/wp\/v2\/comments?post=2977"}],"version-history":[{"count":0,"href":"https:\/\/ccoo.app\/ajuntamentbarcelona\/wp-json\/wp\/v2\/posts\/2977\/revisions"}],"wp:featuredmedia":[{"embeddable":true,"href":"https:\/\/ccoo.app\/ajuntamentbarcelona\/wp-json\/wp\/v2\/media\/2967"}],"wp:attachment":[{"href":"https:\/\/ccoo.app\/ajuntamentbarcelona\/wp-json\/wp\/v2\/media?parent=2977"}],"wp:term":[{"taxonomy":"category","embeddable":true,"href":"https:\/\/ccoo.app\/ajuntamentbarcelona\/wp-json\/wp\/v2\/categories?post=2977"},{"taxonomy":"post_tag","embeddable":true,"href":"https:\/\/ccoo.app\/ajuntamentbarcelona\/wp-json\/wp\/v2\/tags?post=2977"}],"curies":[{"name":"wp","href":"https:\/\/api.w.org\/{rel}","templated":true}]}}