{"id":297,"date":"2016-06-21T08:06:02","date_gmt":"2016-06-21T07:06:02","guid":{"rendered":"https:\/\/bombersbarcelona.ccoo.cat\/?p=297"},"modified":"2016-06-21T08:06:02","modified_gmt":"2016-06-21T07:06:02","slug":"els-bombers-de-barcelona-en-lluita-per-recuperar-una-caserna-central-digna","status":"publish","type":"post","link":"https:\/\/ccoo.app\/ajuntamentbarcelona\/els-bombers-de-barcelona-en-lluita-per-recuperar-una-caserna-central-digna\/","title":{"rendered":"Els Bombers de Barcelona, en lluita per recuperar una caserna central digna"},"content":{"rendered":"<p><img loading=\"lazy\" decoding=\"async\" class=\"wp-image-298 aligncenter\" src=\"https:\/\/bombersbarcelona.ccoo.cat\/wp-content\/uploads\/sites\/28\/2016\/06\/bomberscaserna-300x193.jpg\" alt=\"bomberscaserna\" width=\"448\" height=\"288\" \/><\/p>\n<p><a href=\"http:\/\/www.naciodigital.cat\/noticia\/110516\/bombers\/barcelona\/lluita\/recuperar\/caserna\/central\/digna\">naciodigital.cat<\/a><\/p>\n<p>Els Bombers de Barcelona han comen\u00e7at a mobilitzar-se per reclamar al govern d&#8217;Ada Colau la construcci\u00f3 pendent de la caserna central del cos. El 2010 l&#8217;executiu socialista de Jordi Hereu va traslladar la hist\u00f2rica caserna de l&#8217;Eixample, constru\u00efda el 1932 al n\u00famero 178 del carrer Proven\u00e7a \u2013davant l&#8217;Hospital Cl\u00ednic-, a un edifici provisional del parc de Joan Mir\u00f3, que despr\u00e9s va ser declarat il\u00b7legal. L&#8217;antiga caserna del carrer Proven\u00e7a es va enderrocar per acollir la nova i depend\u00e8ncies del Cl\u00ednic, per\u00f2 sis anys despr\u00e9s nom\u00e9s hi ha un solar buit i un petit parc.<\/p>\n<p>Els bombers han organitzat aquest dimecres al solar un esmorzar per reivindicar la caserna, al qual a les 10.00h participaven una cinquantena de bombers. Oriol Salvador, <a href=\"http:\/\/bombers-barcelona.ccoo.cat\/\" target=\"_blank\" rel=\"noopener\">de l&#8217;Agrupaci\u00f3 de CCOO del cos barcelon\u00ed<\/a>, ha criticat &#8220;l&#8217;immobilisme total&#8221; de Colau. Ha recordat que el parc enderrocat era &#8220;el vaixell ins\u00edgnia&#8221; dels Bombers, i reclama a l&#8217;Ajuntament que faci el nou al centre de l&#8217;Eixample, i no com ara, que est\u00e0 en un lateral del districte central barcelon\u00ed. &#8220;Mai haur\u00edem d&#8217;haver sortit d&#8217;aqu\u00ed, per ubicaci\u00f3 i per espai&#8221;, ha defensat el representant del sindicat majoritari.<\/p>\n<p>El solar, que \u00e9s propietat del Cl\u00ednic, est\u00e0 envoltat d&#8217;una tanca, per\u00f2 els bombers han entrat a dins per fer l&#8217;esmorzar, de pa amb tom\u00e0quet i botifarra. Des del solar, Salvador ha assenyalat amb el dit que, a l&#8217;edifici del costat, els Bombers encara tenen dos pisos, per\u00f2 nom\u00e9s funciona una part: el baix acull el casal del jubilat i un magatzem de l&#8217;Associaci\u00f3 Cultural i Esportiva del cos. Segons ell, el primer projecte per ubicar al solar la caserna i depend\u00e8ncies del Cl\u00ednic &#8220;va quedar en l&#8217;oblit&#8221;, i ara no treuen l&#8217;aigua clara sobre els plans municipals. Tot i aix\u00f2, l&#8217;Ajuntament no ha enterrat per ara aquest projecte.<\/p>\n<p><strong>Colau recupera la idea de construir la caserna definitiva al solar de Proven\u00e7a<\/strong><\/p>\n<p>El govern Colau ha repr\u00e8s la idea, segons han informat a <strong>Naci\u00f3Digital<\/strong> fonts municipals, i ha realitzat un nou requeriment al Cl\u00ednic perqu\u00e8 doni compliment al conveni del 2006 que van signar l&#8217;Ajuntament, l&#8217;hospital i el Departament de Salut de la Generalitat. Amb el conveni, el Cl\u00ednic es comprometia a executar i lliurar al consistori els locals i espais destinats a la nova caserna al solar del carrer Proven\u00e7a. El gener del 2015, el govern de Xavier Trias ja havia fet un requeriment al Cl\u00ednic, per\u00f2 el centre hospitalari va respondre que, a causa de les retallades, el projecte havia quedat ajornat i no tenia dotaci\u00f3 pressupost\u00e0ria.<\/p>\n<p>L&#8217;Ajuntament estudiar\u00e0 les accions a emprendre en funci\u00f3 de la resposta del Cl\u00ednic. Es d\u00f3na el cas que el consistori t\u00e9 pendent de complir la sent\u00e8ncia del 2012 del Jutjat Contenci\u00f3s Administratiu n\u00famero 9 de Barcelona, la qual va donar la ra\u00f3 als ve\u00efns del parc de Joan Mir\u00f3 i va declarar il\u00b7legal la caserna provisional. Tot i aix\u00f2, la sent\u00e8ncia s&#8217;ha de fer compatible amb la prestaci\u00f3 del servei, ra\u00f3 per la qual encara no s&#8217;ha enderrocat. La sent\u00e8ncia es basa en el fet que el percentatge de superf\u00edcie m\u00e0xima constru\u00efda al parc podia ser d&#8217;un 5%, i ja s&#8217;havia esgotat amb la construcci\u00f3 d&#8217;una biblioteca i un pavell\u00f3 esportiu.<\/p>\n<p><strong>Assumpta Escarp, a judici la setmana que ve per la caserna de Joan Mir\u00f3<\/strong><\/p>\n<p>A m\u00e9s, es preveu que el Tribunal Superior de Just\u00edcia de Catalunya (TSJC) jutgi el 22 i el 23 de juny a la secret\u00e0ria d&#8217;Organitzaci\u00f3 del PSC i diputada al Parlament, Assumpta Escarp, per un delicte urban\u00edstic amb la caserna provisional del parc de Joan Mir\u00f3 com\u00e8s presumptament quan era responsable de Seguretat del govern Hereu.<\/p>\n<p>La Fiscalia demana una pena d&#8217;inhabilitaci\u00f3 per ocupar un c\u00e0rrec p\u00fablic durant vuit anys i una multa de 6.000 euros per l&#8217;exregidora de Seguretat i de l&#8217;Eixample per haver autoritzat la construcci\u00f3 del parc de Bombers al parc de Joan Mir\u00f3 tot i saber que era zona verda. Com que Escarp \u00e9s diputada i, per tant, aforada, el cas el jutja el TSJC.    \t<\/p>\n","protected":false},"excerpt":{"rendered":"<p>naciodigital.cat Els Bombers de Barcelona han comen\u00e7at a mobilitzar-se per reclamar al govern d&#8217;Ada Colau la construcci\u00f3 pendent de la caserna central del cos. El 2010 l&#8217;executiu socialista de Jordi &#8230; <\/p>\n<p class=\"read-more-container\"><a title=\"Els Bombers de Barcelona, en lluita per recuperar una caserna central digna\" class=\"read-more button\" href=\"https:\/\/ccoo.app\/ajuntamentbarcelona\/els-bombers-de-barcelona-en-lluita-per-recuperar-una-caserna-central-digna\/#more-297\" aria-label=\"M\u00e9s informaci\u00f3 sobre Els Bombers de Barcelona, en lluita per recuperar una caserna central digna\">Llegeix-ne m\u00e9s \u00bb<\/a><\/p>\n","protected":false},"author":97114,"featured_media":7432,"comment_status":"open","ping_status":"open","sticky":false,"template":"","format":"standard","meta":{"footnotes":""},"categories":[313],"tags":[],"class_list":["post-297","post","type-post","status-publish","format-standard","has-post-thumbnail","hentry","category-313","generate-columns","tablet-grid-50","mobile-grid-100","grid-parent","grid-33"],"_links":{"self":[{"href":"https:\/\/ccoo.app\/ajuntamentbarcelona\/wp-json\/wp\/v2\/posts\/297","targetHints":{"allow":["GET"]}}],"collection":[{"href":"https:\/\/ccoo.app\/ajuntamentbarcelona\/wp-json\/wp\/v2\/posts"}],"about":[{"href":"https:\/\/ccoo.app\/ajuntamentbarcelona\/wp-json\/wp\/v2\/types\/post"}],"author":[{"embeddable":true,"href":"https:\/\/ccoo.app\/ajuntamentbarcelona\/wp-json\/wp\/v2\/users\/97114"}],"replies":[{"embeddable":true,"href":"https:\/\/ccoo.app\/ajuntamentbarcelona\/wp-json\/wp\/v2\/comments?post=297"}],"version-history":[{"count":0,"href":"https:\/\/ccoo.app\/ajuntamentbarcelona\/wp-json\/wp\/v2\/posts\/297\/revisions"}],"wp:featuredmedia":[{"embeddable":true,"href":"https:\/\/ccoo.app\/ajuntamentbarcelona\/wp-json\/wp\/v2\/media\/7432"}],"wp:attachment":[{"href":"https:\/\/ccoo.app\/ajuntamentbarcelona\/wp-json\/wp\/v2\/media?parent=297"}],"wp:term":[{"taxonomy":"category","embeddable":true,"href":"https:\/\/ccoo.app\/ajuntamentbarcelona\/wp-json\/wp\/v2\/categories?post=297"},{"taxonomy":"post_tag","embeddable":true,"href":"https:\/\/ccoo.app\/ajuntamentbarcelona\/wp-json\/wp\/v2\/tags?post=297"}],"curies":[{"name":"wp","href":"https:\/\/api.w.org\/{rel}","templated":true}]}}