{"id":2884,"date":"2018-07-13T12:19:06","date_gmt":"2018-07-13T11:19:06","guid":{"rendered":"https:\/\/ccoo.app\/ajuntamentbarcelona\/?p=2884"},"modified":"2018-07-13T12:19:06","modified_gmt":"2018-07-13T11:19:06","slug":"signatura-acord-de-condicions-laborals-2017-2020-ccoougt-i-sapol","status":"publish","type":"post","link":"https:\/\/ccoo.app\/ajuntamentbarcelona\/signatura-acord-de-condicions-laborals-2017-2020-ccoougt-i-sapol\/","title":{"rendered":"SIGNATURA ACORD DE CONDICIONS LABORALS  2017-2020 CCOO,UGT I SAPOL"},"content":{"rendered":"<p style=\"font-weight: 400\"><b>Us informem que finalment, ahir dijous 12 de juliol de 2018, despr\u00e9s de m\u00e9s de 3 dies sencers i la matinada de dimecres a dijous de negociaci\u00f3, els tres sindicats majoritaris CCOO,UGT i SAPOL constitu\u00efts en plataforma unit\u00e0ria, hem signat amb l\u2019Ajuntament de Barcelona l\u2019Acord de Condicions Laborals 2017-2020.<\/b><\/p>\n<p style=\"font-weight: 400\">Despr\u00e9s d\u2019una nova negociaci\u00f3 maratoniana hem signat un acord que podem afirmar que \u00e9s un BON ACORD, que aporta avan\u00e7os significatius en la recuperaci\u00f3 econ\u00f2mica, la reducci\u00f3 hor\u00e0ria i la millora de les condicions laborals de TOTS i TOTES els treballadors i treballadores Municipals.<\/p>\n<p style=\"font-weight: 400\">L\u2019acord ser\u00e0 aprovat pel Consell Plenari de l\u2019Ajuntament de Barcelona el pr\u00f2xim 20 de juliol, i aleshores entrar\u00e0 en vigor, els increments dels complements d\u2019experi\u00e8ncia professional i el de perillositat, tindran efectes d\u2019aplicaci\u00f3 de l\u20191 de gener de 2017.<\/p>\n<p style=\"font-weight: 400\"><b>Us volem destacar que a m\u00e9s de tot l\u2019aconseguit, en les \u00faltimes negociacions hem aconseguit arrencar:<\/b><\/p>\n<p style=\"font-weight: 400\">Les persones que estiguin gaudint del perm\u00eds de paternitat quan s\u2019aprovi l\u2019acord al Plenari Municipal, podran demanar l\u2019extensi\u00f3 fins a 6 setmanes.<\/p>\n<p style=\"font-weight: 400\">La reducci\u00f3 de jornada de maig d\u2019aquest any, la farem a l\u2019octubre.<\/p>\n<p style=\"font-weight: 400\">El complement d\u2019experi\u00e8ncia professional, s\u2019actualitzar\u00e0 quan el treballador\/a tingui 2 anys d\u2019antiguitat ininterrompuda al nou grup o subgrup, per tots els anys que tinguis d\u2019experi\u00e8ncia a l\u2019organitzaci\u00f3 municipal.<\/p>\n<p style=\"font-weight: 400\">Per acabar us informem que<b>&nbsp;dimecres vam signar l\u2019acta amb les taules salarials que incorporen l\u2019increment dels Pressupostos Generals de l\u2019Estat de 2018<\/b>,&nbsp;<b>gr\u00e0cies al II Acord Estatal que vam signar el 9 de mar\u00e7 d\u2019aquest any<\/b>, l\u2019increment \u00e9s d\u2019un 1,5% de tots els conceptes menys les gratificacions, AQUESTS ENDARRERIMENTS ES COBRARAN A JULIOL.<\/p>\n<p style=\"font-weight: 400\">El 0,25% d\u2019increment que falta s\u2019actualitzar\u00e0, quan el Consell de Ministres aprovi les taules salarials de les retribucions b\u00e0siques i extraordin\u00e0ries que l\u2019incorporen.<\/p>\n<p style=\"font-weight: 400\">LES TAULES SALARIALS AMB ELS INCREMENTS DE L\u2019ACORD DE CONDICIONS, US LES ENVIAREM A SETEMBRE.<\/p>\n<p style=\"font-weight: 400\">Queda molt per fer, s\u2019han de tractar totes les circulars que desenvolupen els permisos del nou acord, s\u2019han de renegociar els horaris especials per adaptar-los a les millores aconseguides, s\u2019ha de negociar la Relaci\u00f3 de Llocs de Treball inicial que doni peu a la definitiva, s\u2019han de desenvolupar totes les mat\u00e8ries que han quedat pendents per la Comissi\u00f3 de Seguiment de l\u2019Acord i moltes coses m\u00e9s.<\/p>\n<p style=\"font-weight: 400;text-align: center\"><strong>PER TOT AIX\u00d2 CONTINUAREM TREBALLANT DUR COM FINS ARA, PER OBTENIR ELS MILLORS RESULTATS<\/strong><\/p>\n<p style=\"font-weight: 400;text-align: center\"><a href=\"http:\/\/ccoo.app\/ajuntamentbarcelona\/wp-content\/blogs.dir\/6\/files\/sites\/228\/2018\/07\/ACORD-CONDICIONS-2017-2020-.pdf\">CLIQUEU AQU\u00cd PER DESCARREGAR L\u2019ACORD DE CONDICIONS LABORALS 2017-2020<\/a><\/p>\n<p style=\"font-weight: 400;text-align: center\"><a href=\"http:\/\/ccoo.app\/ajuntamentbarcelona\/wp-content\/blogs.dir\/6\/files\/sites\/228\/2018\/07\/2018_Taules-Salarials-15.pdf\">CLIQUEU AQU\u00cd PER DESCARREGAR LES TAULES SALARIALS AMB INCREMENT 1,5%&nbsp;<\/a><\/p>\n","protected":false},"excerpt":{"rendered":"<p>Us informem que finalment, ahir dijous 12 de juliol de 2018, despr\u00e9s de m\u00e9s de 3 dies sencers i la matinada de dimecres a dijous de negociaci\u00f3, els tres sindicats &#8230; <\/p>\n<p class=\"read-more-container\"><a title=\"SIGNATURA ACORD DE CONDICIONS LABORALS  2017-2020 CCOO,UGT I SAPOL\" class=\"read-more button\" href=\"https:\/\/ccoo.app\/ajuntamentbarcelona\/signatura-acord-de-condicions-laborals-2017-2020-ccoougt-i-sapol\/#more-2884\" aria-label=\"M\u00e9s informaci\u00f3 sobre SIGNATURA ACORD DE CONDICIONS LABORALS  2017-2020 CCOO,UGT I SAPOL\">Llegeix-ne m\u00e9s \u00bb<\/a><\/p>\n","protected":false},"author":97112,"featured_media":2885,"comment_status":"closed","ping_status":"closed","sticky":false,"template":"","format":"standard","meta":{"footnotes":""},"categories":[304],"tags":[],"class_list":["post-2884","post","type-post","status-publish","format-standard","has-post-thumbnail","hentry","category-ajuntament","generate-columns","tablet-grid-50","mobile-grid-100","grid-parent","grid-33"],"_links":{"self":[{"href":"https:\/\/ccoo.app\/ajuntamentbarcelona\/wp-json\/wp\/v2\/posts\/2884","targetHints":{"allow":["GET"]}}],"collection":[{"href":"https:\/\/ccoo.app\/ajuntamentbarcelona\/wp-json\/wp\/v2\/posts"}],"about":[{"href":"https:\/\/ccoo.app\/ajuntamentbarcelona\/wp-json\/wp\/v2\/types\/post"}],"author":[{"embeddable":true,"href":"https:\/\/ccoo.app\/ajuntamentbarcelona\/wp-json\/wp\/v2\/users\/97112"}],"replies":[{"embeddable":true,"href":"https:\/\/ccoo.app\/ajuntamentbarcelona\/wp-json\/wp\/v2\/comments?post=2884"}],"version-history":[{"count":0,"href":"https:\/\/ccoo.app\/ajuntamentbarcelona\/wp-json\/wp\/v2\/posts\/2884\/revisions"}],"wp:featuredmedia":[{"embeddable":true,"href":"https:\/\/ccoo.app\/ajuntamentbarcelona\/wp-json\/wp\/v2\/media\/2885"}],"wp:attachment":[{"href":"https:\/\/ccoo.app\/ajuntamentbarcelona\/wp-json\/wp\/v2\/media?parent=2884"}],"wp:term":[{"taxonomy":"category","embeddable":true,"href":"https:\/\/ccoo.app\/ajuntamentbarcelona\/wp-json\/wp\/v2\/categories?post=2884"},{"taxonomy":"post_tag","embeddable":true,"href":"https:\/\/ccoo.app\/ajuntamentbarcelona\/wp-json\/wp\/v2\/tags?post=2884"}],"curies":[{"name":"wp","href":"https:\/\/api.w.org\/{rel}","templated":true}]}}