{"id":2882,"date":"2018-07-13T12:10:43","date_gmt":"2018-07-13T11:10:43","guid":{"rendered":"https:\/\/ccoo.app\/ajuntamentbarcelona\/?p=2882"},"modified":"2018-07-13T12:10:43","modified_gmt":"2018-07-13T11:10:43","slug":"promocions-internes-gestio-administracio-i-tecnic-superior-en-gestio","status":"publish","type":"post","link":"https:\/\/ccoo.app\/ajuntamentbarcelona\/promocions-internes-gestio-administracio-i-tecnic-superior-en-gestio\/","title":{"rendered":"PROMOCIONS INTERNES GESTI\u00d3 ADMINISTRACI\u00d3 I T\u00c8CNIC SUPERIOR EN GESTI\u00d3"},"content":{"rendered":"<p style=\"font-weight: 400\">Des de&nbsp;<b>CCOO<\/b>&nbsp;us volem informar que ahir, dia 13 juliol va sortit publicat a intranet:<\/p>\n<p style=\"font-weight: 400\">&nbsp;<\/p>\n<p style=\"font-weight: 400\">&#8211;&nbsp;&nbsp;&nbsp;&nbsp;&nbsp;&nbsp;&nbsp;&nbsp;&nbsp;&nbsp;Resultat de la 1a. prova (test de coneixements de temari) del proc\u00e9s de Promoci\u00f3 Interna de les&nbsp;<b>60 places de Gesti\u00f3 d\u2019Administraci\u00f3 General i de les 60 places de la Promoci\u00f3 Interna especial de T\u00e8cnic Superior en Gesti\u00f3 de l\u2019Ajuntament de Barcelona.<\/b><\/p>\n<p style=\"font-weight: 400\">&nbsp;<\/p>\n<p style=\"font-weight: 400\">&nbsp;<\/p>\n<p style=\"font-weight: 400\">Tamb\u00e9 teniu publicat l\u2019av\u00eds de convocat\u00f2ria de les seg\u00fcents prov\u00e9s de les dues Promocions Internes:<\/p>\n<p style=\"font-weight: 400\">&nbsp;<\/p>\n<ul>\n<li style=\"font-weight: 400\">2a prova (Prova de catal\u00e0):<b>21 de setembre de 2018,<\/b>&nbsp;pels que s\u2019hagin de presentar.<\/li>\n<\/ul>\n<p style=\"font-weight: 400\">&nbsp;<\/p>\n<ul>\n<li style=\"font-weight: 400\">3a prova (Exercici o sup\u00f2sit pr\u00e0ctic) i primera part de la 4a prova (Test de personalitat i\/o compet\u00e8ncies):<b>6 d\u2019octubre de 2018.<\/b><\/li>\n<\/ul>\n<p style=\"font-weight: 400\"><b>&nbsp;<\/b><\/p>\n<p style=\"font-weight: 400\"><b>&nbsp;<\/b><\/p>\n<p style=\"font-weight: 400\"><b>IMPORTANT:<\/b>&nbsp;les dates publicades en aquest anunci s\u00f3n una previsi\u00f3. Les dates oficials seran les que es publiquin a l\u2019apartat corresponent de la p\u00e0gina web de l\u2019Ajuntament de Barcelona i de la Intranet Municipal.<\/p>\n","protected":false},"excerpt":{"rendered":"<p>Des de&nbsp;CCOO&nbsp;us volem informar que ahir, dia 13 juliol va sortit publicat a intranet: &nbsp; &#8211;&nbsp;&nbsp;&nbsp;&nbsp;&nbsp;&nbsp;&nbsp;&nbsp;&nbsp;&nbsp;Resultat de la 1a. prova (test de coneixements de temari) del proc\u00e9s de Promoci\u00f3 Interna &#8230; <\/p>\n<p class=\"read-more-container\"><a title=\"PROMOCIONS INTERNES GESTI\u00d3 ADMINISTRACI\u00d3 I T\u00c8CNIC SUPERIOR EN GESTI\u00d3\" class=\"read-more button\" href=\"https:\/\/ccoo.app\/ajuntamentbarcelona\/promocions-internes-gestio-administracio-i-tecnic-superior-en-gestio\/#more-2882\" aria-label=\"M\u00e9s informaci\u00f3 sobre PROMOCIONS INTERNES GESTI\u00d3 ADMINISTRACI\u00d3 I T\u00c8CNIC SUPERIOR EN GESTI\u00d3\">Llegeix-ne m\u00e9s \u00bb<\/a><\/p>\n","protected":false},"author":97112,"featured_media":1908,"comment_status":"closed","ping_status":"closed","sticky":false,"template":"","format":"standard","meta":{"footnotes":""},"categories":[304],"tags":[],"class_list":["post-2882","post","type-post","status-publish","format-standard","has-post-thumbnail","hentry","category-ajuntament","generate-columns","tablet-grid-50","mobile-grid-100","grid-parent","grid-33"],"_links":{"self":[{"href":"https:\/\/ccoo.app\/ajuntamentbarcelona\/wp-json\/wp\/v2\/posts\/2882","targetHints":{"allow":["GET"]}}],"collection":[{"href":"https:\/\/ccoo.app\/ajuntamentbarcelona\/wp-json\/wp\/v2\/posts"}],"about":[{"href":"https:\/\/ccoo.app\/ajuntamentbarcelona\/wp-json\/wp\/v2\/types\/post"}],"author":[{"embeddable":true,"href":"https:\/\/ccoo.app\/ajuntamentbarcelona\/wp-json\/wp\/v2\/users\/97112"}],"replies":[{"embeddable":true,"href":"https:\/\/ccoo.app\/ajuntamentbarcelona\/wp-json\/wp\/v2\/comments?post=2882"}],"version-history":[{"count":0,"href":"https:\/\/ccoo.app\/ajuntamentbarcelona\/wp-json\/wp\/v2\/posts\/2882\/revisions"}],"wp:featuredmedia":[{"embeddable":true,"href":"https:\/\/ccoo.app\/ajuntamentbarcelona\/wp-json\/wp\/v2\/media\/1908"}],"wp:attachment":[{"href":"https:\/\/ccoo.app\/ajuntamentbarcelona\/wp-json\/wp\/v2\/media?parent=2882"}],"wp:term":[{"taxonomy":"category","embeddable":true,"href":"https:\/\/ccoo.app\/ajuntamentbarcelona\/wp-json\/wp\/v2\/categories?post=2882"},{"taxonomy":"post_tag","embeddable":true,"href":"https:\/\/ccoo.app\/ajuntamentbarcelona\/wp-json\/wp\/v2\/tags?post=2882"}],"curies":[{"name":"wp","href":"https:\/\/api.w.org\/{rel}","templated":true}]}}