{"id":258,"date":"2016-09-24T06:59:58","date_gmt":"2016-09-24T05:59:58","guid":{"rendered":"https:\/\/secciosindical.ccoo.cat\/?p=258"},"modified":"2016-09-24T06:59:58","modified_gmt":"2016-09-24T05:59:58","slug":"otros-permisos","status":"publish","type":"post","link":"https:\/\/ccoo.app\/ajuntamentbarcelona\/otros-permisos\/","title":{"rendered":"Perm\u00eds per als progenitors o progenitores amb fills o filles amb discapacitat"},"content":{"rendered":"\n<h6 class=\"wp-block-heading\">[Vig\u00e8ncia fins 31 de desembre de 2024]<\/h6>\n\n\n\n<p><strong>Acord condicions 2021-2024. Permisos i llic\u00e8ncies.<\/strong><\/p>\n\n\n\n<h1 class=\"wp-block-heading\">REGULACI\u00d3:<\/h1>\n\n\n\n<h3 class=\"wp-block-heading\"><strong>Perm\u00eds per als progenitors o progenitores amb fills o filles amb discapacitat<\/strong><\/h3>\n\n\n\n<p><strong><u>Durada del perm\u00eds<\/u><\/strong><\/p>\n\n\n\n<p>El temps indispensable.<\/p>\n\n\n\n<p><strong><u>Criteris d\u2019aplicaci\u00f3<\/u><\/strong><\/p>\n\n\n\n<p>Els progenitors o progenitores amb fills o filles amb discapacitat, o amb fills o filles que es trobin en proc\u00e9s de valoraci\u00f3 d\u2019una possible discapacitat, tenen dret conjuntament a permisos d\u2019abs\u00e8ncia del lloc de treball per a poder assistir a reunions o visites en els centres educatius especials o sanitaris on rebin suport.<\/p>\n\n\n\n<p><strong><u>Documentaci\u00f3 acreditativa<\/u><\/strong><\/p>\n\n\n\n<p>&#8211; C\u00f2pia de la Resoluci\u00f3 de l\u2019ICASS (si l\u2019empleat o empleada percep l\u2019ajut per discapacitat previst en l\u2019article 30 del text de l\u2019acord, no cal que l&#8217;aporti).<\/p>\n\n\n\n<p>&#8211; En cas de trobar-se el fill o filla en un proc\u00e9s de valoraci\u00f3 d\u2019una possible discapacitat, certificat m\u00e8dic que ho acrediti.<\/p>\n\n\n\n<p>&#8211; Justificaci\u00f3 de l\u2019assist\u00e8ncia al centre d\u2019educaci\u00f3 especial o sanitari.<\/p>\n\n\n<div class=\"wp-block-image is-style-default\">\n<figure class=\"aligncenter size-full\"><img loading=\"lazy\" decoding=\"async\" width=\"663\" height=\"746\" src=\"http:\/\/ccoo.app\/ajuntamentbarcelona\/wp-content\/blogs.dir\/6\/files\/sites\/228\/2024\/09\/El-permis-per-atendre-fills-amb-discapacitat-Mes-a-Mes-AJB.png\" alt=\"\" class=\"wp-image-11678\" srcset=\"https:\/\/ccoo.app\/ajuntamentbarcelona\/wp-content\/blogs.dir\/6\/files\/sites\/228\/2024\/09\/El-permis-per-atendre-fills-amb-discapacitat-Mes-a-Mes-AJB.png 663w, https:\/\/ccoo.app\/ajuntamentbarcelona\/wp-content\/blogs.dir\/6\/files\/sites\/228\/2024\/09\/El-permis-per-atendre-fills-amb-discapacitat-Mes-a-Mes-AJB-267x300.png 267w\" sizes=\"auto, (max-width: 663px) 100vw, 663px\" \/><\/figure>\n<\/div>\n\n\n<p class=\"has-text-align-center\"><em>Imatge: M\u00e9s a M\u00e9s Ajuntament de Barcelona<\/em><\/p>\n\n\n\n<hr class=\"wp-block-separator has-alpha-channel-opacity\" \/>\n\n\n<ul class=\"wp-block-latest-posts__list is-grid columns-3 has-dates wp-block-latest-posts\"><\/ul>","protected":false},"excerpt":{"rendered":"<p>[Vig\u00e8ncia fins 31 de desembre de 2024] Acord condicions 2021-2024. Permisos i llic\u00e8ncies. REGULACI\u00d3: Perm\u00eds per als progenitors o progenitores amb fills o filles amb discapacitat Durada del perm\u00eds El &#8230; <\/p>\n<p class=\"read-more-container\"><a title=\"Perm\u00eds per als progenitors o progenitores amb fills o filles amb discapacitat\" class=\"read-more button\" href=\"https:\/\/ccoo.app\/ajuntamentbarcelona\/otros-permisos\/#more-258\" aria-label=\"M\u00e9s informaci\u00f3 sobre Perm\u00eds per als progenitors o progenitores amb fills o filles amb discapacitat\">Llegeix-ne m\u00e9s \u00bb<\/a><\/p>\n","protected":false},"author":10,"featured_media":346,"comment_status":"open","ping_status":"open","sticky":false,"template":"","format":"standard","meta":{"footnotes":""},"categories":[304,310],"tags":[],"class_list":["post-258","post","type-post","status-publish","format-standard","has-post-thumbnail","hentry","category-ajuntament","category-permisos","generate-columns","tablet-grid-50","mobile-grid-100","grid-parent","grid-33"],"_links":{"self":[{"href":"https:\/\/ccoo.app\/ajuntamentbarcelona\/wp-json\/wp\/v2\/posts\/258","targetHints":{"allow":["GET"]}}],"collection":[{"href":"https:\/\/ccoo.app\/ajuntamentbarcelona\/wp-json\/wp\/v2\/posts"}],"about":[{"href":"https:\/\/ccoo.app\/ajuntamentbarcelona\/wp-json\/wp\/v2\/types\/post"}],"author":[{"embeddable":true,"href":"https:\/\/ccoo.app\/ajuntamentbarcelona\/wp-json\/wp\/v2\/users\/10"}],"replies":[{"embeddable":true,"href":"https:\/\/ccoo.app\/ajuntamentbarcelona\/wp-json\/wp\/v2\/comments?post=258"}],"version-history":[{"count":0,"href":"https:\/\/ccoo.app\/ajuntamentbarcelona\/wp-json\/wp\/v2\/posts\/258\/revisions"}],"wp:featuredmedia":[{"embeddable":true,"href":"https:\/\/ccoo.app\/ajuntamentbarcelona\/wp-json\/wp\/v2\/media\/346"}],"wp:attachment":[{"href":"https:\/\/ccoo.app\/ajuntamentbarcelona\/wp-json\/wp\/v2\/media?parent=258"}],"wp:term":[{"taxonomy":"category","embeddable":true,"href":"https:\/\/ccoo.app\/ajuntamentbarcelona\/wp-json\/wp\/v2\/categories?post=258"},{"taxonomy":"post_tag","embeddable":true,"href":"https:\/\/ccoo.app\/ajuntamentbarcelona\/wp-json\/wp\/v2\/tags?post=258"}],"curies":[{"name":"wp","href":"https:\/\/api.w.org\/{rel}","templated":true}]}}