{"id":1533,"date":"2017-04-03T12:34:52","date_gmt":"2017-04-03T11:34:52","guid":{"rendered":"https:\/\/ccoo.app\/ajuntamentbarcelona\/?p=1533"},"modified":"2017-04-03T12:34:52","modified_gmt":"2017-04-03T11:34:52","slug":"al-legacions-les-bases-convocatoria-lampliacio-borsa-treball-aux-administratius","status":"publish","type":"post","link":"https:\/\/ccoo.app\/ajuntamentbarcelona\/al-legacions-les-bases-convocatoria-lampliacio-borsa-treball-aux-administratius\/","title":{"rendered":"Al.legacions a les bases convocat\u00f2ria de l&#8217;ampliaci\u00f3 borsa de treball Aux. Administratius"},"content":{"rendered":"<h3 style=\"text-align: center\"><span style=\"color: #ff0000\"><strong>&nbsp;&nbsp; AL\u00b7LEGACIONS A LES BASES DE LA CONVOCAT\u00d2RIA DE L&#8217;AMPLIACI\u00d3 DE &nbsp;LA<\/strong><\/span><span style=\"color: #ff0000\"><strong>&nbsp;&nbsp;<\/strong><\/span><\/h3>\n<h3 style=\"text-align: center\"><span style=\"color: #ff0000\"><strong>&nbsp; BORSA DE TREBALL EN LA CATEGORIA D&#8217;AUXILIARS ADMINISTRATIUS\/VA<\/strong><\/span><\/h3>\n<h3 style=\"text-align: center\">&nbsp;<\/h3>\n<h3><strong>CCOO, vol fer constar<\/strong>, que hem fet la petici\u00f3 de manera reiterada que tots els llocs de treball de promoci\u00f3 (singularitzats) surtin a concurs pels treballadors\/es&nbsp;de l&#8217;Ajuntament de Barcelona, abans que les places siguin ocupades per personal inter\u00ed. Vetllarem per tal que aquesta petici\u00f3 es compleixi d\u2019una vegada per totes.<\/h3>\n<h3>Des de <strong>CCOO <\/strong>hem presentat al\u00b7legacions a l&#8217;ampliaci\u00f3 de la borsa de treball d&#8217;auxiliars administratiu\/va per garantir els drets de les persones que volen accedir-hi.<\/h3>\n<h3><strong>En concret demanem:<\/strong><\/h3>\n<h3>-Demanem que consti per escrit, la reserva del 7% pel personal aspirant que tingui la condici\u00f3 legal de discapacitat.<\/h3>\n<h3>-Demanem, tal com consta a l&#8217;informe que van signar els responsables de l&#8217;Ajuntament de Barcelona el 8 de mar\u00e7, que el nivell d&#8217;ofim\u00e0tica consti a les bases per escrit com Nivell <strong>B\u00e0sic<\/strong> de Word i Excel i que per tant la prova ser\u00e0 d&#8217;aquest nivell.<\/h3>\n<h3>-Quant a l&#8217;\u00e0rea funcional d&#8217;inspecci\u00f3, sol\u00b7licitem que consti per escrit en les bases el Nivell de&nbsp;S3, Destinaci\u00f3 18.<\/h3>\n<h3>&nbsp;<\/h3>\n<h3><a href=\"http:\/\/ccoo.app\/ajuntamentbarcelona\/wp-content\/blogs.dir\/6\/files\/sites\/228\/2017\/04\/170331_ALEGACIONS_BORSA_AMPLIAC_AUX_ADM.pdf\"><strong>CLIQUEU AQU\u00cd PER DESCARREGAR EL DOCUMENT DE LES AL\u00b7LEGACIONS PRESENTADES<\/strong><\/a><\/h3>\n<h3>&nbsp;<\/h3>\n<h3>Des de <strong>CCOO<\/strong> treballem per garantir els drets de tots els treballadors i treballadores a tenir uns processos justos i equilibrats.<\/h3>\n<h3>US&nbsp;MANTINDREM&nbsp;INFORMATS\/DES DE LA RESPOSTA DE L&#8217;AJUNTAMENT DE BARCELONA A LES NOSTRES AL\u00b7LEGACIONS<\/h3>\n<h3>QUALSEVOL DUBTE QUE&nbsp;TINGUEU&nbsp;SOBRE ELS PROCESSOS&nbsp;DIRIGIU-VOS&nbsp;A LA NOSTRA SECCI\u00d3 SINDICAL<\/h3>\n","protected":false},"excerpt":{"rendered":"<p>&nbsp;&nbsp; AL\u00b7LEGACIONS A LES BASES DE LA CONVOCAT\u00d2RIA DE L&#8217;AMPLIACI\u00d3 DE &nbsp;LA&nbsp;&nbsp; &nbsp; BORSA DE TREBALL EN LA CATEGORIA D&#8217;AUXILIARS ADMINISTRATIUS\/VA &nbsp; CCOO, vol fer constar, que hem fet la &#8230; <\/p>\n<p class=\"read-more-container\"><a title=\"Al.legacions a les bases convocat\u00f2ria de l&#8217;ampliaci\u00f3 borsa de treball Aux. Administratius\" class=\"read-more button\" href=\"https:\/\/ccoo.app\/ajuntamentbarcelona\/al-legacions-les-bases-convocatoria-lampliacio-borsa-treball-aux-administratius\/#more-1533\" aria-label=\"M\u00e9s informaci\u00f3 sobre Al.legacions a les bases convocat\u00f2ria de l&#8217;ampliaci\u00f3 borsa de treball Aux. Administratius\">Llegeix-ne m\u00e9s \u00bb<\/a><\/p>\n","protected":false},"author":97112,"featured_media":1504,"comment_status":"open","ping_status":"open","sticky":false,"template":"","format":"standard","meta":{"footnotes":""},"categories":[304],"tags":[],"class_list":["post-1533","post","type-post","status-publish","format-standard","has-post-thumbnail","hentry","category-ajuntament","generate-columns","tablet-grid-50","mobile-grid-100","grid-parent","grid-33"],"_links":{"self":[{"href":"https:\/\/ccoo.app\/ajuntamentbarcelona\/wp-json\/wp\/v2\/posts\/1533","targetHints":{"allow":["GET"]}}],"collection":[{"href":"https:\/\/ccoo.app\/ajuntamentbarcelona\/wp-json\/wp\/v2\/posts"}],"about":[{"href":"https:\/\/ccoo.app\/ajuntamentbarcelona\/wp-json\/wp\/v2\/types\/post"}],"author":[{"embeddable":true,"href":"https:\/\/ccoo.app\/ajuntamentbarcelona\/wp-json\/wp\/v2\/users\/97112"}],"replies":[{"embeddable":true,"href":"https:\/\/ccoo.app\/ajuntamentbarcelona\/wp-json\/wp\/v2\/comments?post=1533"}],"version-history":[{"count":0,"href":"https:\/\/ccoo.app\/ajuntamentbarcelona\/wp-json\/wp\/v2\/posts\/1533\/revisions"}],"wp:featuredmedia":[{"embeddable":true,"href":"https:\/\/ccoo.app\/ajuntamentbarcelona\/wp-json\/wp\/v2\/media\/1504"}],"wp:attachment":[{"href":"https:\/\/ccoo.app\/ajuntamentbarcelona\/wp-json\/wp\/v2\/media?parent=1533"}],"wp:term":[{"taxonomy":"category","embeddable":true,"href":"https:\/\/ccoo.app\/ajuntamentbarcelona\/wp-json\/wp\/v2\/categories?post=1533"},{"taxonomy":"post_tag","embeddable":true,"href":"https:\/\/ccoo.app\/ajuntamentbarcelona\/wp-json\/wp\/v2\/tags?post=1533"}],"curies":[{"name":"wp","href":"https:\/\/api.w.org\/{rel}","templated":true}]}}