{"id":1528,"date":"2017-03-30T15:07:53","date_gmt":"2017-03-30T14:07:53","guid":{"rendered":"https:\/\/ccoo.app\/ajuntamentbarcelona\/?p=1528"},"modified":"2017-03-30T15:07:53","modified_gmt":"2017-03-30T14:07:53","slug":"acord-per-la-millora-doferta-publica","status":"publish","type":"post","link":"https:\/\/ccoo.app\/ajuntamentbarcelona\/acord-per-la-millora-doferta-publica\/","title":{"rendered":"Acord per la millora d&#8217;Oferta P\u00fablica"},"content":{"rendered":"<p>Ahir <span style=\"color: #ff0000\"><b>CCOO<\/b><\/span> va signar a la Mesa General de la Funci\u00f3 P\u00fablica Estatal, l&#8217;acord per la millora de l&#8217;ocupaci\u00f3 p\u00fablica.&nbsp;<\/p>\n<p>Els \u00faltims anys el Govern Municipal de l&#8217;Ajuntament de Barcelona, s&#8217;ha negat de forma sistem\u00e0tica a convocar oferta p\u00fablica, adduint que no podia fer-ho per la no aprovaci\u00f3 dels Pressupostos Generals de l&#8217;Estat i que per tant nom\u00e9s convocaria les places corresponents a les taxes de reposici\u00f3 autoritzades.<\/p>\n<p>Des de la nostra secci\u00f3 sindical considerem que amb aquest acord <b>el Govern Municipal de l&#8217;Ajuntament de Barcelona ja no t\u00e9 cap impediment per publicar les places d&#8217;oferta p\u00fablica d&#8217;ocupaci\u00f3 necess\u00e0ries<\/b> per al bon funcionament de l&#8217;administraci\u00f3 i per tal de garantir un bon servei p\u00fablic a la ciutadania.&nbsp;<\/p>\n<p>Per aix\u00f2 demanem al Govern Municipal, que estigui&nbsp;a l&#8217;al\u00e7ada, que es posi a treballar i faci una proposta, modificant l&#8217;actual Pla de Recursos Humans per tal de posar fi a la precarietat i temporalitat.<\/p>\n<p>Entenem que la negativa a la publicaci\u00f3 immediata d&#8217;oferta p\u00fablica per part del nostre ajuntament, significaria un nou menyspreu cap als empleats p\u00fablics de la ciutat de Barcelona.<\/p>\n<p><a href=\"http:\/\/ccoo.app\/ajuntamentbarcelona\/wp-content\/blogs.dir\/6\/files\/sites\/228\/2017\/03\/20170329-Acuerdo-Empleo.pdf\">Cliqueu aqu\u00ed per anar al document de l&#8217;acord.<\/a><\/p>\n<p style=\"text-align: center\"><b>&nbsp; &nbsp; &nbsp; &nbsp; &nbsp; &nbsp; &nbsp; &nbsp; &nbsp; &nbsp; CCOO<\/b><b>&nbsp;<\/b><b>vetllar\u00e0<\/b><b>&nbsp;<\/b><b>pel compliment d&#8217;aquest acord i per un bon Pla de Recursos Humans<\/b><b>!!!<\/b><\/p>\n","protected":false},"excerpt":{"rendered":"<p>Ahir CCOO va signar a la Mesa General de la Funci\u00f3 P\u00fablica Estatal, l&#8217;acord per la millora de l&#8217;ocupaci\u00f3 p\u00fablica.&nbsp; Els \u00faltims anys el Govern Municipal de l&#8217;Ajuntament de Barcelona, &#8230; <\/p>\n<p class=\"read-more-container\"><a title=\"Acord per la millora d&#8217;Oferta P\u00fablica\" class=\"read-more button\" href=\"https:\/\/ccoo.app\/ajuntamentbarcelona\/acord-per-la-millora-doferta-publica\/#more-1528\" aria-label=\"M\u00e9s informaci\u00f3 sobre Acord per la millora d&#8217;Oferta P\u00fablica\">Llegeix-ne m\u00e9s \u00bb<\/a><\/p>\n","protected":false},"author":97112,"featured_media":10475,"comment_status":"open","ping_status":"open","sticky":false,"template":"","format":"standard","meta":{"footnotes":""},"categories":[304],"tags":[],"class_list":["post-1528","post","type-post","status-publish","format-standard","has-post-thumbnail","hentry","category-ajuntament","generate-columns","tablet-grid-50","mobile-grid-100","grid-parent","grid-33"],"_links":{"self":[{"href":"https:\/\/ccoo.app\/ajuntamentbarcelona\/wp-json\/wp\/v2\/posts\/1528","targetHints":{"allow":["GET"]}}],"collection":[{"href":"https:\/\/ccoo.app\/ajuntamentbarcelona\/wp-json\/wp\/v2\/posts"}],"about":[{"href":"https:\/\/ccoo.app\/ajuntamentbarcelona\/wp-json\/wp\/v2\/types\/post"}],"author":[{"embeddable":true,"href":"https:\/\/ccoo.app\/ajuntamentbarcelona\/wp-json\/wp\/v2\/users\/97112"}],"replies":[{"embeddable":true,"href":"https:\/\/ccoo.app\/ajuntamentbarcelona\/wp-json\/wp\/v2\/comments?post=1528"}],"version-history":[{"count":0,"href":"https:\/\/ccoo.app\/ajuntamentbarcelona\/wp-json\/wp\/v2\/posts\/1528\/revisions"}],"wp:featuredmedia":[{"embeddable":true,"href":"https:\/\/ccoo.app\/ajuntamentbarcelona\/wp-json\/wp\/v2\/media\/10475"}],"wp:attachment":[{"href":"https:\/\/ccoo.app\/ajuntamentbarcelona\/wp-json\/wp\/v2\/media?parent=1528"}],"wp:term":[{"taxonomy":"category","embeddable":true,"href":"https:\/\/ccoo.app\/ajuntamentbarcelona\/wp-json\/wp\/v2\/categories?post=1528"},{"taxonomy":"post_tag","embeddable":true,"href":"https:\/\/ccoo.app\/ajuntamentbarcelona\/wp-json\/wp\/v2\/tags?post=1528"}],"curies":[{"name":"wp","href":"https:\/\/api.w.org\/{rel}","templated":true}]}}