{"id":1525,"date":"2017-03-30T08:27:37","date_gmt":"2017-03-30T07:27:37","guid":{"rendered":"https:\/\/ccoo.app\/ajuntamentbarcelona\/?p=1525"},"modified":"2017-03-30T08:27:37","modified_gmt":"2017-03-30T07:27:37","slug":"comunicat-estatal-ccoo-acuerda-gobierno-la-reduccion-la-precariedad-empleo-publico","status":"publish","type":"post","link":"https:\/\/ccoo.app\/ajuntamentbarcelona\/comunicat-estatal-ccoo-acuerda-gobierno-la-reduccion-la-precariedad-empleo-publico\/","title":{"rendered":"Comunicat estatal: CCOO acuerda con el Gobierno la reducci\u00f3n de la precariedad en el empleo p\u00fablico"},"content":{"rendered":"<p style=\"font-weight: 300\">Para el sindicato, este acuerdo supone un avance para acabar con el abuso en la contrataci\u00f3n en las administraciones y da la raz\u00f3n a CCOO, cuando ya en junio del a\u00f1o pasado propuso la aprobaci\u00f3n de una Oferta de Empleo P\u00fablico (OEP) excepcional de 356.000 plazas para mejorar la calidad del empleo p\u00fablico sin que supusiera un incremento presupuestario, puesto que estas plazas est\u00e1n ocupadas por personal interino o eventual.<\/p>\n<p style=\"font-weight: 300\">&nbsp;Si bien este acuerdo representa la primera negociaci\u00f3n real con el Ministerio de Hacienda y Funci\u00f3n P\u00fablica desde 2010, faltan muchas m\u00e1s medidas para acabar con el abuso en la contrataci\u00f3n en las AA.PP. \u201cNuestra propuesta es que se elimine la tasa de reposici\u00f3n, pero mientras siga estando vigente, es necesario que se ampl\u00eden los colectivos prioritarios, especialmente en las administraciones locales, en la Administraci\u00f3n General del Estado o en las Universidades. El acuerdo de hoy establece el compromiso de seguir ampliando el proceso de estabilizaci\u00f3n\u201d.<\/p>\n<p style=\"font-weight: 300\">&nbsp;CCOO tambi\u00e9n considera imprescindible revisar la normativa y negociar para evitar la precarizaci\u00f3n del empleo: \u201ctodas las plazas estructurales deben estar ocupadas por empleos estables. El objetivo del 8% de temporalidad debe ser para trabajos coyunturales, no estructurales\u201d.<\/p>\n<p style=\"font-weight: 300\">&nbsp;En cualquier caso, para el sindicato queda mucho trabajo por hacer para recuperar el empleo en las AA.PP. \u201cLa crisis ha destruido alrededor de 300.000 empleos p\u00fablicos y es necesario recuperar volumen de empleo y, en consecuencia, recuperar tambi\u00e9n la calidad de los servicios p\u00fablicos, que se han visto seriamente afectados en los \u00faltimos a\u00f1os. Espa\u00f1a tiene unos servicios p\u00fablicos por debajo de la media de nuestro entorno y consideramos que, para reforzar la recuperaci\u00f3n econ\u00f3mica, que de momento no est\u00e1 llegando como debiera a la clase trabajadora, es fundamental recuperar el papel de unos servicios p\u00fablicos potentes al servicio de la ciudadan\u00eda y del modelo social\u201d.<\/p>\n<p style=\"font-weight: 300\">&nbsp;<b><strong>PROPUESTAS PARA LOS PRESUPUESTOS GENERALES DEL ESTADO 2017<\/strong><\/b><\/p>\n<p style=\"font-weight: 300\">De cara a la celebraci\u00f3n esta tarde de la Mesa General de Negociaci\u00f3n de las Administraciones P\u00fablicas, CCOO plantear\u00e1 su desacuerdo ante la previsi\u00f3n de que el Gobierno plantee un 1% de incremento salarial, cuando el IPC est\u00e1 en el 3% y previsiblemente acabe por encima del 2% a finales de a\u00f1o. Esto supondr\u00eda una p\u00e9rdida de poder adquisitivo que se sumar\u00eda al 0,6% que se perdi\u00f3 en 2016.<\/p>\n<p style=\"font-weight: 300\">&nbsp;\u201cNuestra propuesta es comprometer un plan plurianual de recuperaci\u00f3n de lo perdido, tanto en retribuciones como en la jornada y otros derechos, y la garant\u00eda de que no haya nuevas p\u00e9rdidas. Llevamos dos a\u00f1os de recuperaci\u00f3n econ\u00f3mica, pero esta no llega a las empleadas y empleados p\u00fablicos. Consideramos que la previsi\u00f3n del proyecto PGE2017 frena la expectativa de esa recuperaci\u00f3n y, por tanto, actuaremos en el tr\u00e1mite parlamentario y con movilizaciones para, m\u00e1s all\u00e1 de este proyecto de PGE, alcanzar compromisos sobre el proceso de recuperaci\u00f3n\u201d.<\/p>\n","protected":false},"excerpt":{"rendered":"<p>Para el sindicato, este acuerdo supone un avance para acabar con el abuso en la contrataci\u00f3n en las administraciones y da la raz\u00f3n a CCOO, cuando ya en junio del &#8230; <\/p>\n<p class=\"read-more-container\"><a title=\"Comunicat estatal: CCOO acuerda con el Gobierno la reducci\u00f3n de la precariedad en el empleo p\u00fablico\" class=\"read-more button\" href=\"https:\/\/ccoo.app\/ajuntamentbarcelona\/comunicat-estatal-ccoo-acuerda-gobierno-la-reduccion-la-precariedad-empleo-publico\/#more-1525\" aria-label=\"M\u00e9s informaci\u00f3 sobre Comunicat estatal: CCOO acuerda con el Gobierno la reducci\u00f3n de la precariedad en el empleo p\u00fablico\">Llegeix-ne m\u00e9s \u00bb<\/a><\/p>\n","protected":false},"author":97112,"featured_media":1504,"comment_status":"open","ping_status":"open","sticky":false,"template":"","format":"standard","meta":{"footnotes":""},"categories":[304],"tags":[],"class_list":["post-1525","post","type-post","status-publish","format-standard","has-post-thumbnail","hentry","category-ajuntament","generate-columns","tablet-grid-50","mobile-grid-100","grid-parent","grid-33"],"_links":{"self":[{"href":"https:\/\/ccoo.app\/ajuntamentbarcelona\/wp-json\/wp\/v2\/posts\/1525","targetHints":{"allow":["GET"]}}],"collection":[{"href":"https:\/\/ccoo.app\/ajuntamentbarcelona\/wp-json\/wp\/v2\/posts"}],"about":[{"href":"https:\/\/ccoo.app\/ajuntamentbarcelona\/wp-json\/wp\/v2\/types\/post"}],"author":[{"embeddable":true,"href":"https:\/\/ccoo.app\/ajuntamentbarcelona\/wp-json\/wp\/v2\/users\/97112"}],"replies":[{"embeddable":true,"href":"https:\/\/ccoo.app\/ajuntamentbarcelona\/wp-json\/wp\/v2\/comments?post=1525"}],"version-history":[{"count":0,"href":"https:\/\/ccoo.app\/ajuntamentbarcelona\/wp-json\/wp\/v2\/posts\/1525\/revisions"}],"wp:featuredmedia":[{"embeddable":true,"href":"https:\/\/ccoo.app\/ajuntamentbarcelona\/wp-json\/wp\/v2\/media\/1504"}],"wp:attachment":[{"href":"https:\/\/ccoo.app\/ajuntamentbarcelona\/wp-json\/wp\/v2\/media?parent=1525"}],"wp:term":[{"taxonomy":"category","embeddable":true,"href":"https:\/\/ccoo.app\/ajuntamentbarcelona\/wp-json\/wp\/v2\/categories?post=1525"},{"taxonomy":"post_tag","embeddable":true,"href":"https:\/\/ccoo.app\/ajuntamentbarcelona\/wp-json\/wp\/v2\/tags?post=1525"}],"curies":[{"name":"wp","href":"https:\/\/api.w.org\/{rel}","templated":true}]}}