{"id":1522,"date":"2017-03-29T08:59:40","date_gmt":"2017-03-29T07:59:40","guid":{"rendered":"https:\/\/ccoo.app\/ajuntamentbarcelona\/?p=1522"},"modified":"2017-03-29T08:59:40","modified_gmt":"2017-03-29T07:59:40","slug":"los-funcionarios-del-estado-cobraran-una-paga-extra-julio-la-mitad-la-subida-salarial-del-1","status":"publish","type":"post","link":"https:\/\/ccoo.app\/ajuntamentbarcelona\/los-funcionarios-del-estado-cobraran-una-paga-extra-julio-la-mitad-la-subida-salarial-del-1\/","title":{"rendered":"Los funcionarios del Estado cobrar\u00e1n una paga extra en julio con la mitad de la subida salarial del 1%"},"content":{"rendered":"<div class=\"articulo-datos\">\n<h2 class=\"articulo-subtitulo\">Hacienda y los sindicatos firmar\u00e1n este mi\u00e9rcoles el acuerdo para la convocatoria de m\u00e1s de 250.000 plazas de funcionarios en tres a\u00f1os<\/h2>\n<p><a href=\"http:\/\/economia.elpais.com\/economia\/2017\/03\/28\/actualidad\/1490726807_568946.html\">http:\/\/economia.elpais.com<\/a><\/div>\n<div id=\"articulo-introduccion\" class=\"articulo-introduccion\">\n<p>Los <a href=\"http:\/\/elpais.com\/tag\/funcion_publica\/a\">524.314 empleados p\u00fablicos de la Administraci\u00f3n del Estado<\/a> cobrar\u00e1n previsiblemente una paga extra en julio con la mitad de l<a href=\"http:\/\/economia.elpais.com\/economia\/2017\/03\/28\/actualidad\/1490718342_729314.html\">a subida salarial del 1% para 2017<\/a>. Como la mejora tiene car\u00e1cter retroactivo, la cantidad ser\u00e1 la correspondiente al aumento salarial entre enero y junio, plazo m\u00e1ximo del Gobierno para aprobar los Presupuestos. <a href=\"http:\/\/elpais.com\/tag\/mhyap_ministerio_hacienda_administraciones_publicas\/a\">El Ministerio de Hacienda<\/a> y los representantes de los empleados p\u00fablicos (CSIF, UGT y CC OO) firmar\u00e1n hoy el pacto con el alza del 1% y el plan para una convocatoria de oposiciones de m\u00e1s de 250.000 plazas en tres a\u00f1os.<\/p>\n<p>El salario de los m\u00e1s de 2,5 millones de funcionarios, interinos, eventuales y personal laboral de la Administraci\u00f3n del Estado, comunidades aut\u00f3nomas, Ayuntamientos y Diputaciones subir\u00e1 un 1% en 2017. El aumento tendr\u00e1 car\u00e1cter retroactivo. Es decir, comenzar\u00e1 a contar desde enero. Los trabajadores de la Administraci\u00f3n central del Estado percibir\u00e1n previsiblemente una paga extra en julio con la cantidad correspondiente a la subida entre enero y junio. No obstante, los detalles se conocer\u00e1 hoy tras la negociaci\u00f3n que mantendr\u00e1n Hacienda y los sindicatos en el \u00e1mbito de la Mesa de negociaci\u00f3n de la funci\u00f3n p\u00fablica.<\/p>\n<div id=\"elpais_gpt-INTEXT\">&nbsp;<\/div>\n<p>Los empleados p\u00fablicos del resto de administraciones quedar\u00e1n a expensa de los acuerdos territoriales que alcancen con sus respectivas comunidades aut\u00f3nomas o Ayuntamientos. En cualquier caso, percibir\u00e1n el aumento salarial mediante una de las dos f\u00f3rmulas: podr\u00e1n cobrar la subida anual prorrateada entre los seis meses entre julio y diciembre o podr\u00e1n ingresarla con una extra como los trabajadores de los ministerios. La decisi\u00f3n final la tomar\u00e1n cada una de las administraciones.<\/p>\n<\/div>\n","protected":false},"excerpt":{"rendered":"<p>Hacienda y los sindicatos firmar\u00e1n este mi\u00e9rcoles el acuerdo para la convocatoria de m\u00e1s de 250.000 plazas de funcionarios en tres a\u00f1os http:\/\/economia.elpais.com Los 524.314 empleados p\u00fablicos de la Administraci\u00f3n &#8230; <\/p>\n<p class=\"read-more-container\"><a title=\"Los funcionarios del Estado cobrar\u00e1n una paga extra en julio con la mitad de la subida salarial del 1%\" class=\"read-more button\" href=\"https:\/\/ccoo.app\/ajuntamentbarcelona\/los-funcionarios-del-estado-cobraran-una-paga-extra-julio-la-mitad-la-subida-salarial-del-1\/#more-1522\" aria-label=\"M\u00e9s informaci\u00f3 sobre Los funcionarios del Estado cobrar\u00e1n una paga extra en julio con la mitad de la subida salarial del 1%\">Llegeix-ne m\u00e9s \u00bb<\/a><\/p>\n","protected":false},"author":97112,"featured_media":1038,"comment_status":"open","ping_status":"open","sticky":false,"template":"","format":"standard","meta":{"footnotes":""},"categories":[304],"tags":[],"class_list":["post-1522","post","type-post","status-publish","format-standard","has-post-thumbnail","hentry","category-ajuntament","generate-columns","tablet-grid-50","mobile-grid-100","grid-parent","grid-33"],"_links":{"self":[{"href":"https:\/\/ccoo.app\/ajuntamentbarcelona\/wp-json\/wp\/v2\/posts\/1522","targetHints":{"allow":["GET"]}}],"collection":[{"href":"https:\/\/ccoo.app\/ajuntamentbarcelona\/wp-json\/wp\/v2\/posts"}],"about":[{"href":"https:\/\/ccoo.app\/ajuntamentbarcelona\/wp-json\/wp\/v2\/types\/post"}],"author":[{"embeddable":true,"href":"https:\/\/ccoo.app\/ajuntamentbarcelona\/wp-json\/wp\/v2\/users\/97112"}],"replies":[{"embeddable":true,"href":"https:\/\/ccoo.app\/ajuntamentbarcelona\/wp-json\/wp\/v2\/comments?post=1522"}],"version-history":[{"count":0,"href":"https:\/\/ccoo.app\/ajuntamentbarcelona\/wp-json\/wp\/v2\/posts\/1522\/revisions"}],"wp:featuredmedia":[{"embeddable":true,"href":"https:\/\/ccoo.app\/ajuntamentbarcelona\/wp-json\/wp\/v2\/media\/1038"}],"wp:attachment":[{"href":"https:\/\/ccoo.app\/ajuntamentbarcelona\/wp-json\/wp\/v2\/media?parent=1522"}],"wp:term":[{"taxonomy":"category","embeddable":true,"href":"https:\/\/ccoo.app\/ajuntamentbarcelona\/wp-json\/wp\/v2\/categories?post=1522"},{"taxonomy":"post_tag","embeddable":true,"href":"https:\/\/ccoo.app\/ajuntamentbarcelona\/wp-json\/wp\/v2\/tags?post=1522"}],"curies":[{"name":"wp","href":"https:\/\/api.w.org\/{rel}","templated":true}]}}