{"id":1519,"date":"2017-03-27T10:56:22","date_gmt":"2017-03-27T09:56:22","guid":{"rendered":"https:\/\/ccoo.app\/ajuntamentbarcelona\/?p=1519"},"modified":"2017-03-27T10:56:22","modified_gmt":"2017-03-27T09:56:22","slug":"exit-participacio-la-jornada-lluita-favor-locupacio-els-salaris-dignes-i-la-recuperacio-dels-drets-socials","status":"publish","type":"post","link":"https:\/\/ccoo.app\/ajuntamentbarcelona\/exit-participacio-la-jornada-lluita-favor-locupacio-els-salaris-dignes-i-la-recuperacio-dels-drets-socials\/","title":{"rendered":"\u00c8xit de participaci\u00f3 en la Jornada de lluita a favor de l&#8217;ocupaci\u00f3, els salaris dignes i la recuperaci\u00f3 dels drets socials"},"content":{"rendered":"<p><img loading=\"lazy\" decoding=\"async\" class=\" wp-image-1520 alignleft\" src=\"http:\/\/ccoo.app\/ajuntamentbarcelona\/wp-content\/blogs.dir\/6\/files\/sites\/228\/2017\/03\/IMG_20170323_120509-225x300.jpg\" alt=\"\" width=\"357\" height=\"474\">Nombrosos treballadors i treballadores de diversos sectors han participat el dijous 23 de mar\u00e7 de 2017 en la jornada de lluita a favor de l&#8217;ocupaci\u00f3, els salaris dignes i la recuperaci\u00f3 dels drets socials, convocada per CCOO de Catalunya i UGT, amb el lema #alcarrer23M .<\/p>\n<p>Diverses columnes reivindicatives, amb representants de sectors i empreses en lluita han sortit de diferents punts de la ciutat de Barcelona per acabar confluint davant la seu de la patronal Foment del Treball (Via Laietana, 32), on els secretaris generals dels dos sindicats han reclamat que les millores econ\u00f2miques i els beneficis empresarials arribin a les fam\u00edlies treballadores, despr\u00e9s de tres anys de creixement econ\u00f2mic, i que es corregeixin els problemes creats per les retallades i es pugui lluitar contra la precarietat, les desigualtats i la pobresa.<\/p>\n<p>Feu clic per veure:<br \/>\n-l&#8217;<a href=\"https:\/\/www.facebook.com\/pg\/ccoocatalunya\/photos\/?tab=album&amp;album_id=1265438123492869\" target=\"_blank\" rel=\"noopener\">\u00e0lbum de fotos de les columnes en la&nbsp;Jornada de lluita a favor de l&#8217;ocupaci\u00f3, els salaris dignes i la recuperaci\u00f3 dels drets socials<\/a><br \/>\n-el <a href=\"http:\/\/www.ccoo.cat\/visio\/index.aspx?coleccio=Declaracions&amp;numero=535\" target=\"_blank\" rel=\"noopener\">v\u00eddeo amb declaracions de Joan Carles Gallego, secretari general de CCOO de Catalunya<\/a>, efectuades el dijous 23 de mar\u00e7 davant la patronal Foment del Treball a Barcelona<\/p>\n<p><a href=\"http:\/\/www.ccoo.cat\/noticia\/207790\/23m--jornada-de-lluita-a-favor-de-locupacio-els-salaris-dignes-i-la-recuperacio-dels-drets-socials\" target=\"_blank\" rel=\"noopener\">M\u00e9s informaci\u00f3<\/a><\/p>\n","protected":false},"excerpt":{"rendered":"<p>Nombrosos treballadors i treballadores de diversos sectors han participat el dijous 23 de mar\u00e7 de 2017 en la jornada de lluita a favor de l&#8217;ocupaci\u00f3, els salaris dignes i la &#8230; <\/p>\n<p class=\"read-more-container\"><a title=\"\u00c8xit de participaci\u00f3 en la Jornada de lluita a favor de l&#8217;ocupaci\u00f3, els salaris dignes i la recuperaci\u00f3 dels drets socials\" class=\"read-more button\" href=\"https:\/\/ccoo.app\/ajuntamentbarcelona\/exit-participacio-la-jornada-lluita-favor-locupacio-els-salaris-dignes-i-la-recuperacio-dels-drets-socials\/#more-1519\" aria-label=\"M\u00e9s informaci\u00f3 sobre \u00c8xit de participaci\u00f3 en la Jornada de lluita a favor de l&#8217;ocupaci\u00f3, els salaris dignes i la recuperaci\u00f3 dels drets socials\">Llegeix-ne m\u00e9s \u00bb<\/a><\/p>\n","protected":false},"author":97112,"featured_media":1520,"comment_status":"open","ping_status":"open","sticky":false,"template":"","format":"standard","meta":{"footnotes":""},"categories":[304],"tags":[],"class_list":["post-1519","post","type-post","status-publish","format-standard","has-post-thumbnail","hentry","category-ajuntament","generate-columns","tablet-grid-50","mobile-grid-100","grid-parent","grid-33"],"_links":{"self":[{"href":"https:\/\/ccoo.app\/ajuntamentbarcelona\/wp-json\/wp\/v2\/posts\/1519","targetHints":{"allow":["GET"]}}],"collection":[{"href":"https:\/\/ccoo.app\/ajuntamentbarcelona\/wp-json\/wp\/v2\/posts"}],"about":[{"href":"https:\/\/ccoo.app\/ajuntamentbarcelona\/wp-json\/wp\/v2\/types\/post"}],"author":[{"embeddable":true,"href":"https:\/\/ccoo.app\/ajuntamentbarcelona\/wp-json\/wp\/v2\/users\/97112"}],"replies":[{"embeddable":true,"href":"https:\/\/ccoo.app\/ajuntamentbarcelona\/wp-json\/wp\/v2\/comments?post=1519"}],"version-history":[{"count":0,"href":"https:\/\/ccoo.app\/ajuntamentbarcelona\/wp-json\/wp\/v2\/posts\/1519\/revisions"}],"wp:featuredmedia":[{"embeddable":true,"href":"https:\/\/ccoo.app\/ajuntamentbarcelona\/wp-json\/wp\/v2\/media\/1520"}],"wp:attachment":[{"href":"https:\/\/ccoo.app\/ajuntamentbarcelona\/wp-json\/wp\/v2\/media?parent=1519"}],"wp:term":[{"taxonomy":"category","embeddable":true,"href":"https:\/\/ccoo.app\/ajuntamentbarcelona\/wp-json\/wp\/v2\/categories?post=1519"},{"taxonomy":"post_tag","embeddable":true,"href":"https:\/\/ccoo.app\/ajuntamentbarcelona\/wp-json\/wp\/v2\/tags?post=1519"}],"curies":[{"name":"wp","href":"https:\/\/api.w.org\/{rel}","templated":true}]}}