{"id":1503,"date":"2017-03-27T09:20:36","date_gmt":"2017-03-27T08:20:36","guid":{"rendered":"https:\/\/ccoo.app\/ajuntamentbarcelona\/?p=1503"},"modified":"2017-03-27T09:20:36","modified_gmt":"2017-03-27T08:20:36","slug":"al-legacions-t-s-gestio","status":"publish","type":"post","link":"https:\/\/ccoo.app\/ajuntamentbarcelona\/al-legacions-t-s-gestio\/","title":{"rendered":"Al.legacions a les bases de t\u00e8cnic\/a superior en gesti\u00f3"},"content":{"rendered":"<p style=\"text-align: center\"><b>AL\u00b7LEGACIONS A LES BASES DE LA CONVOCAT\u00d2RIA DE LA PROMOCI\u00d3 INTERNA DE 60 PLACES DE T\u00c8CNIC\/A SUPERIOR EN GESTI\u00d3,&nbsp;<\/b><b>MITJAN\u00c7ANT CONCURS-OPOSICI\u00d3<\/b><\/p>\n<p style=\"text-align: center\">&nbsp;<\/p>\n<p>Des de CCOO hem presentat al\u00b7legacions a les bases de la Promoci\u00f3 Interna de T\u00e8cnic\/a Superior en Gesti\u00f3.<\/p>\n<p>En concret demanem:<\/p>\n<p>Que l\u2019execuci\u00f3 de les diferents proves (dos o m\u00e9s exercicis en una sola sessi\u00f3), que el tribunal pot determinar en la fase oposici\u00f3, es facin en dies diferents sense que coincideixin.<\/p>\n<p>Que en l\u2019exercici o sup\u00f2sit pr\u00e0ctic donin el temps necessari, que es pugui portar legislaci\u00f3 per consultar i que amb 3 punts es pugui fer mitja.<\/p>\n<p>&nbsp;<\/p>\n<p style=\"text-align: center\"><a href=\"http:\/\/ccoo.app\/ajuntamentbarcelona\/wp-content\/blogs.dir\/6\/files\/sites\/228\/2017\/03\/170327_Alegacions_Promo_Int_TSGestio.pdf\">CLIQUEU AQU\u00cd PER DESCARREGAR EL DOCUMENT DE LES AL\u00b7LEGACIONS PRESENTADES<\/a><\/p>\n<p>&nbsp;<\/p>\n<p>Des de CCOO treballem per garantir els drets de tots els treballadors i de les treballadores a tenir uns processos de promoci\u00f3 interna justos i equilibrats, a m\u00e9s de&nbsp; mantenir-nos vigilants amb el compliment del calendari d\u2019Oferta P\u00fablica i Promoci\u00f3 Interna.<\/p>\n<p>&nbsp;<\/p>\n<p style=\"text-align: center\"><b>US MANTINDREM INFORMATS\/DES DE LA RESPOSTA DE L\u2019AJUNTAMENT DE BARCELONA A LES NOSTRES AL\u00b7LEGACIONS<\/b><\/p>\n<p style=\"text-align: center\"><b>&nbsp;<\/b><b>QUALSEVOL DUBTE QUE TINGUEU SOBRE ELS PROCESSOS DIRIGIU-VOS A LA NOSTRA SECCI\u00d3 SINDICAL<\/b><\/p>\n","protected":false},"excerpt":{"rendered":"<p>AL\u00b7LEGACIONS A LES BASES DE LA CONVOCAT\u00d2RIA DE LA PROMOCI\u00d3 INTERNA DE 60 PLACES DE T\u00c8CNIC\/A SUPERIOR EN GESTI\u00d3,&nbsp;MITJAN\u00c7ANT CONCURS-OPOSICI\u00d3 &nbsp; Des de CCOO hem presentat al\u00b7legacions a les bases &#8230; <\/p>\n<p class=\"read-more-container\"><a title=\"Al.legacions a les bases de t\u00e8cnic\/a superior en gesti\u00f3\" class=\"read-more button\" href=\"https:\/\/ccoo.app\/ajuntamentbarcelona\/al-legacions-t-s-gestio\/#more-1503\" aria-label=\"M\u00e9s informaci\u00f3 sobre Al.legacions a les bases de t\u00e8cnic\/a superior en gesti\u00f3\">Llegeix-ne m\u00e9s \u00bb<\/a><\/p>\n","protected":false},"author":97112,"featured_media":1504,"comment_status":"open","ping_status":"open","sticky":false,"template":"","format":"standard","meta":{"footnotes":""},"categories":[304],"tags":[],"class_list":["post-1503","post","type-post","status-publish","format-standard","has-post-thumbnail","hentry","category-ajuntament","generate-columns","tablet-grid-50","mobile-grid-100","grid-parent","grid-33"],"_links":{"self":[{"href":"https:\/\/ccoo.app\/ajuntamentbarcelona\/wp-json\/wp\/v2\/posts\/1503","targetHints":{"allow":["GET"]}}],"collection":[{"href":"https:\/\/ccoo.app\/ajuntamentbarcelona\/wp-json\/wp\/v2\/posts"}],"about":[{"href":"https:\/\/ccoo.app\/ajuntamentbarcelona\/wp-json\/wp\/v2\/types\/post"}],"author":[{"embeddable":true,"href":"https:\/\/ccoo.app\/ajuntamentbarcelona\/wp-json\/wp\/v2\/users\/97112"}],"replies":[{"embeddable":true,"href":"https:\/\/ccoo.app\/ajuntamentbarcelona\/wp-json\/wp\/v2\/comments?post=1503"}],"version-history":[{"count":0,"href":"https:\/\/ccoo.app\/ajuntamentbarcelona\/wp-json\/wp\/v2\/posts\/1503\/revisions"}],"wp:featuredmedia":[{"embeddable":true,"href":"https:\/\/ccoo.app\/ajuntamentbarcelona\/wp-json\/wp\/v2\/media\/1504"}],"wp:attachment":[{"href":"https:\/\/ccoo.app\/ajuntamentbarcelona\/wp-json\/wp\/v2\/media?parent=1503"}],"wp:term":[{"taxonomy":"category","embeddable":true,"href":"https:\/\/ccoo.app\/ajuntamentbarcelona\/wp-json\/wp\/v2\/categories?post=1503"},{"taxonomy":"post_tag","embeddable":true,"href":"https:\/\/ccoo.app\/ajuntamentbarcelona\/wp-json\/wp\/v2\/tags?post=1503"}],"curies":[{"name":"wp","href":"https:\/\/api.w.org\/{rel}","templated":true}]}}