{"id":1498,"date":"2017-03-27T08:19:52","date_gmt":"2017-03-27T07:19:52","guid":{"rendered":"https:\/\/ccoo.app\/ajuntamentbarcelona\/?p=1498"},"modified":"2017-03-27T08:19:52","modified_gmt":"2017-03-27T07:19:52","slug":"lajuntament-tarragona-traura-oferta-la-totalitat-les-seves-places-ocupades-per-personal-funcionari-interi","status":"publish","type":"post","link":"https:\/\/ccoo.app\/ajuntamentbarcelona\/lajuntament-tarragona-traura-oferta-la-totalitat-les-seves-places-ocupades-per-personal-funcionari-interi\/","title":{"rendered":"L&#8217;Ajuntament de Tarragona traur\u00e0 a oferta la totalitat de les seves places ocupades per personal funcionari inter\u00ed"},"content":{"rendered":"<div class=\"text\"><a href=\"https:\/\/www.tarragona.cat\/empreses\/noticies\/noticies-2017\/lajuntament-de-tarragona-traura-a-oferta-la-totalitat-de-les-seves-places-ocupades-per-personal-funcionari-interi\">tarragona.cat<\/a><\/div>\n<div class=\"text\">&nbsp;<\/div>\n<div class=\"text\">L&#8217;equip de govern pret\u00e9n, amb aquesta mesura, posar fi a la precarietat laboral<\/div>\n<div class=\"data\">24\/03\/2017<\/div>\n<div class=\"noticia_contingut\">\n<p>L\u2019Ajuntament de Tarragona traur\u00e0 a oferta la totalitat de les seves places ocupades per personal funcionari inter\u00ed. \u00c9s a dir, <strong>a la plantilla municipal hi consten 81 places ocupades transit\u00f2riament per personal inter\u00ed.<\/strong> \u201cAmb aquesta convocat\u00f2ria d\u2019oferta p\u00fablica posarem fi a la precarietat laboral a qu\u00e8 ens obligava el Govern de l\u2019Estat, ja que considerem que aquestes places s\u00f3n necess\u00e0ries per al funcionament normal dels serveis i no han de ser de car\u00e0cter temporal com fins ara. Aquesta oferta ser\u00e0 ampliable\u201d, explica la consellera de Personal, Ivana Mart\u00ednez.<\/p>\n<p>Aquest mat\u00ed s\u2019ha reunit la mesa negociadora del personal funcionari i tots els sindicats (ASEMIT, UGT, USOC, CCOO, SPPM-CAT i CSIF) s\u2019hi han pronunciat favorablement.<\/p>\n<p>En anys anteriors, les lleis de pressupostos generals de l&#8217;Estat havien fixat limitacions al nombre de places que podien oferir-se, restringint-ho a un percentatge del nombre de vacants produ\u00efdes l&#8217;any anterior. Actualment no s\u00f3n vigents aquest tipus de limitacions quantitatives, <strong>per la qual cosa el Govern Municipal proposa incloure 81 places en l&#8217;Oferta d&#8217;Ocupaci\u00f3 P\u00fablica per a 2017.<\/strong> \u201cEs tracta \u2013afegeix la consellera de Personal- d\u2019oferir estabilitat a l&#8217;ocupaci\u00f3 i als serveis p\u00fablics, en benefici de la ciutadania i del personal al seu servei\u201d.<\/p>\n<p>Aquestes 81 places que es proposa incloure en l&#8217;Oferta d&#8217;Ocupaci\u00f3 Publica estan pressupostades amb consignaci\u00f3 en l&#8217;exercici 2017. A partir d\u2019ara es traslladar\u00e0 la resoluci\u00f3 d&#8217;aprovaci\u00f3 d\u2019aquesta oferta p\u00fablica a la Direcci\u00f3 General d&#8217;Administraci\u00f3 Local de la Generalitat de Catalunya i a la Subdelegaci\u00f3 del Govern, per tal que ho remeti al Ministeri d&#8217;Hisenda i Administracions P\u00fabliques, a efectes del seu coneixement i la corresponent publicaci\u00f3.<\/p>\n<\/div>\n","protected":false},"excerpt":{"rendered":"<p>tarragona.cat &nbsp; L&#8217;equip de govern pret\u00e9n, amb aquesta mesura, posar fi a la precarietat laboral 24\/03\/2017 L\u2019Ajuntament de Tarragona traur\u00e0 a oferta la totalitat de les seves places ocupades per &#8230; <\/p>\n<p class=\"read-more-container\"><a title=\"L&#8217;Ajuntament de Tarragona traur\u00e0 a oferta la totalitat de les seves places ocupades per personal funcionari inter\u00ed\" class=\"read-more button\" href=\"https:\/\/ccoo.app\/ajuntamentbarcelona\/lajuntament-tarragona-traura-oferta-la-totalitat-les-seves-places-ocupades-per-personal-funcionari-interi\/#more-1498\" aria-label=\"M\u00e9s informaci\u00f3 sobre L&#8217;Ajuntament de Tarragona traur\u00e0 a oferta la totalitat de les seves places ocupades per personal funcionari inter\u00ed\">Llegeix-ne m\u00e9s \u00bb<\/a><\/p>\n","protected":false},"author":97112,"featured_media":1499,"comment_status":"open","ping_status":"open","sticky":false,"template":"","format":"standard","meta":{"footnotes":""},"categories":[304],"tags":[],"class_list":["post-1498","post","type-post","status-publish","format-standard","has-post-thumbnail","hentry","category-ajuntament","generate-columns","tablet-grid-50","mobile-grid-100","grid-parent","grid-33"],"_links":{"self":[{"href":"https:\/\/ccoo.app\/ajuntamentbarcelona\/wp-json\/wp\/v2\/posts\/1498","targetHints":{"allow":["GET"]}}],"collection":[{"href":"https:\/\/ccoo.app\/ajuntamentbarcelona\/wp-json\/wp\/v2\/posts"}],"about":[{"href":"https:\/\/ccoo.app\/ajuntamentbarcelona\/wp-json\/wp\/v2\/types\/post"}],"author":[{"embeddable":true,"href":"https:\/\/ccoo.app\/ajuntamentbarcelona\/wp-json\/wp\/v2\/users\/97112"}],"replies":[{"embeddable":true,"href":"https:\/\/ccoo.app\/ajuntamentbarcelona\/wp-json\/wp\/v2\/comments?post=1498"}],"version-history":[{"count":0,"href":"https:\/\/ccoo.app\/ajuntamentbarcelona\/wp-json\/wp\/v2\/posts\/1498\/revisions"}],"wp:featuredmedia":[{"embeddable":true,"href":"https:\/\/ccoo.app\/ajuntamentbarcelona\/wp-json\/wp\/v2\/media\/1499"}],"wp:attachment":[{"href":"https:\/\/ccoo.app\/ajuntamentbarcelona\/wp-json\/wp\/v2\/media?parent=1498"}],"wp:term":[{"taxonomy":"category","embeddable":true,"href":"https:\/\/ccoo.app\/ajuntamentbarcelona\/wp-json\/wp\/v2\/categories?post=1498"},{"taxonomy":"post_tag","embeddable":true,"href":"https:\/\/ccoo.app\/ajuntamentbarcelona\/wp-json\/wp\/v2\/tags?post=1498"}],"curies":[{"name":"wp","href":"https:\/\/api.w.org\/{rel}","templated":true}]}}