{"id":1496,"date":"2017-03-24T09:54:22","date_gmt":"2017-03-24T08:54:22","guid":{"rendered":"https:\/\/ccoo.app\/ajuntamentbarcelona\/?p=1496"},"modified":"2017-03-24T09:54:22","modified_gmt":"2017-03-24T08:54:22","slug":"ccoo-exigeix-al-govern-la-generalitat-la-convocatoria-doferta-publica-docupacio-per-reduir-la-temporalitat-i-recuperar-les-plantilles-dabans-del-2012","status":"publish","type":"post","link":"https:\/\/ccoo.app\/ajuntamentbarcelona\/ccoo-exigeix-al-govern-la-generalitat-la-convocatoria-doferta-publica-docupacio-per-reduir-la-temporalitat-i-recuperar-les-plantilles-dabans-del-2012\/","title":{"rendered":"CCOO exigeix al Govern de la Generalitat la convocat\u00f2ria d&#8217;oferta p\u00fablica d&#8217;ocupaci\u00f3 per reduir la temporalitat i recuperar les plantilles d&#8217;abans del 2012"},"content":{"rendered":"<h2 class=\"avantitol\"><span id=\"ctl00_ContentPlaceHolder1_noticia1_lbSotstitular\">Proposta urgent de negociaci\u00f3<\/span><\/h2>\n<p>Des de 2012 fins ara, els llocs de treball de la Generalitat s\u2019han redu\u00eft en m\u00e9s de 10.000 places i el nombre de persones interines, o laborals temporals, ha arribat a quasi el 25% sobre places estructurals i m\u00e9s del 30% si es compara sobre la suma d\u2019estructurals i conjunturals.<\/p>\n<p>Davant aquesta situaci\u00f3, els sindicats de la Mesa General de la Funci\u00f3 P\u00fablica hem demanat, de forma reiterada, una proposta d\u2019oferta p\u00fablica d\u2019ocupaci\u00f3 de caire plurianual per recuperar l\u2019ocupaci\u00f3 i reduir la temporalitat a la causada exclusivament per causes conjunturals, que com a molt haurien de situar-se entre el 5% i el 8% de la plantilla.<\/p>\n<p>CCOO exigim al Govern de la Generalitat una proposta urgent de negociaci\u00f3 per restablir als empleats p\u00fablics les condicions de treball que ens han estat arrabassades, el retorn de les pagues pendents, increment salarial per no perdre poder adquisitiu i una oferta p\u00fablica plurianual d\u2019ocupaci\u00f3 suficient.<\/p>\n","protected":false},"excerpt":{"rendered":"<p>Proposta urgent de negociaci\u00f3 Des de 2012 fins ara, els llocs de treball de la Generalitat s\u2019han redu\u00eft en m\u00e9s de 10.000 places i el nombre de persones interines, o &#8230; <\/p>\n<p class=\"read-more-container\"><a title=\"CCOO exigeix al Govern de la Generalitat la convocat\u00f2ria d&#8217;oferta p\u00fablica d&#8217;ocupaci\u00f3 per reduir la temporalitat i recuperar les plantilles d&#8217;abans del 2012\" class=\"read-more button\" href=\"https:\/\/ccoo.app\/ajuntamentbarcelona\/ccoo-exigeix-al-govern-la-generalitat-la-convocatoria-doferta-publica-docupacio-per-reduir-la-temporalitat-i-recuperar-les-plantilles-dabans-del-2012\/#more-1496\" aria-label=\"M\u00e9s informaci\u00f3 sobre CCOO exigeix al Govern de la Generalitat la convocat\u00f2ria d&#8217;oferta p\u00fablica d&#8217;ocupaci\u00f3 per reduir la temporalitat i recuperar les plantilles d&#8217;abans del 2012\">Llegeix-ne m\u00e9s \u00bb<\/a><\/p>\n","protected":false},"author":97112,"featured_media":1038,"comment_status":"open","ping_status":"open","sticky":false,"template":"","format":"standard","meta":{"footnotes":""},"categories":[304],"tags":[],"class_list":["post-1496","post","type-post","status-publish","format-standard","has-post-thumbnail","hentry","category-ajuntament","generate-columns","tablet-grid-50","mobile-grid-100","grid-parent","grid-33"],"_links":{"self":[{"href":"https:\/\/ccoo.app\/ajuntamentbarcelona\/wp-json\/wp\/v2\/posts\/1496","targetHints":{"allow":["GET"]}}],"collection":[{"href":"https:\/\/ccoo.app\/ajuntamentbarcelona\/wp-json\/wp\/v2\/posts"}],"about":[{"href":"https:\/\/ccoo.app\/ajuntamentbarcelona\/wp-json\/wp\/v2\/types\/post"}],"author":[{"embeddable":true,"href":"https:\/\/ccoo.app\/ajuntamentbarcelona\/wp-json\/wp\/v2\/users\/97112"}],"replies":[{"embeddable":true,"href":"https:\/\/ccoo.app\/ajuntamentbarcelona\/wp-json\/wp\/v2\/comments?post=1496"}],"version-history":[{"count":0,"href":"https:\/\/ccoo.app\/ajuntamentbarcelona\/wp-json\/wp\/v2\/posts\/1496\/revisions"}],"wp:featuredmedia":[{"embeddable":true,"href":"https:\/\/ccoo.app\/ajuntamentbarcelona\/wp-json\/wp\/v2\/media\/1038"}],"wp:attachment":[{"href":"https:\/\/ccoo.app\/ajuntamentbarcelona\/wp-json\/wp\/v2\/media?parent=1496"}],"wp:term":[{"taxonomy":"category","embeddable":true,"href":"https:\/\/ccoo.app\/ajuntamentbarcelona\/wp-json\/wp\/v2\/categories?post=1496"},{"taxonomy":"post_tag","embeddable":true,"href":"https:\/\/ccoo.app\/ajuntamentbarcelona\/wp-json\/wp\/v2\/tags?post=1496"}],"curies":[{"name":"wp","href":"https:\/\/api.w.org\/{rel}","templated":true}]}}