{"id":1494,"date":"2017-03-22T09:30:33","date_gmt":"2017-03-22T08:30:33","guid":{"rendered":"https:\/\/ccoo.app\/ajuntamentbarcelona\/?p=1494"},"modified":"2017-03-22T09:30:33","modified_gmt":"2017-03-22T08:30:33","slug":"23m-jornada-lluita-favor-locupacio-els-salaris-dignes-i-la-recuperacio-dels-drets-socials-2","status":"publish","type":"post","link":"https:\/\/ccoo.app\/ajuntamentbarcelona\/23m-jornada-lluita-favor-locupacio-els-salaris-dignes-i-la-recuperacio-dels-drets-socials-2\/","title":{"rendered":"23M &#8211; Jornada de lluita a favor de l&#8217;ocupaci\u00f3, els salaris dignes i la recuperaci\u00f3 dels drets socials"},"content":{"rendered":"<p>CCOO i UGT convoquem per al pr\u00f2xim 23 de mar\u00e7 una nova jornada de lluita i reivindicaci\u00f3 a favor de L\u2019OCUPACI\u00d3, ELS SALARIS DIGNES I LA RECUPERACI\u00d3 DELS DRETS SOCIALS.<\/p>\n<p>Despr\u00e9s de tres anys de creixement econ\u00f2mic i&nbsp;amb previsions que indiquen que es mantindr\u00e0 la tend\u00e8ncia i el conseg\u00fcent increment dels beneficis empresarials, els problemes creats per les retallades no es corregeixen, s\u2019agreugen. Tenim m\u00e9s precarietat, m\u00e9s desigualtat i m\u00e9s pobresa.<\/p>\n<p><strong>Per qu\u00e8 les millores no arriben a les fam\u00edlies treballadores?<br \/>\n<\/strong><br \/>\nPerqu\u00e8 el govern del PP i les organitzacions empresarials, amb la seva inacci\u00f3 i amb regressives actuacions en contra d\u2019una majoria vulnerable per afavorir una minoria privilegiada i insaciable, pretenen que la classe treballadora segueixi perdent renda i qualitat de vida.<\/p>\n<p>\u00c9s per aix\u00f2 que CCOO i UGT convoquem una nova jornada de lluita i reivindicaci\u00f3 el proper dia 23 de mar\u00e7, que segueix les ja iniciades al desembre i que van continuar el febrer per DEFENSAR L\u2019OCUPACI\u00d3, UNS SALARIS DIGNES I LA RECUPERACI\u00d3 DELS NOSTRES DRETS SOCIALS.<\/p>\n<p>A&nbsp;Barcelona&nbsp;s\u2019han organitzat una s\u00e8rie de columnes reivindicatives de sectors i empreses en lluita, que sortiran de diferents punts per acabar confluint davant la seu de la patronal Foment del Treball (Via Laietana, 32) a les <strong>13.00 hores<\/strong>, on els secretaris generals de CCOO de Catalunya i UGT de Catalunya intervindran.<\/p>\n<p><em>La previsi\u00f3 de les columnes \u00e9s la seg\u00fcent:<\/em><\/p>\n<p><em><strong>Columna 1<\/strong>,<\/em><em> CCOO (geriatria, centres especials de treball, educaci\u00f3 0-3&#8230;):<\/em><\/p>\n<p><em>Pla\u00e7a Urquinaona amb Via Laietana, a les 12.00 hores<\/em><\/p>\n<p><em><strong>Columna 2<\/strong><\/em><em><strong>, <\/strong>CCOO (neteja edificis i locals, seguretat privada, construcci\u00f3 i fusta&#8230;):<\/em><\/p>\n<p><em>Pla\u00e7a Sant Jaume, a les 12.00 hores<\/em><\/p>\n<p><strong><em>Columna 3<\/em><\/strong><em>, CCOO (c\u00e0rnies, escorxadors, mineria, sector muntatge i manteniment el\u00e8ctric, LACREM, NYLSTAR&#8230;):<\/em><\/p>\n<p><em>Assemblea sota el lema SECTORS INDUSTRIALS EN LLUITA a la sala d&#8217;actes de CCOO (Via Laietana, 16, planta baixa), a les 11.30 hores<\/em><\/p>\n<p><strong><em>Columna 4<\/em><\/strong><em>, conjunta CCOO, UGT i altres sindicats (funci\u00f3 p\u00fablica i sector Generalitat&#8230;):<\/em><\/p>\n<p><em>Departament de Governaci\u00f3 de la Generalitat (Via Laietana, 26), a les 12.00 hores<\/em><\/p>\n<p><strong><em>Columna 5,<\/em><\/strong><em> conjunta CCOO i UGT (hostaleria, Aeroport &#8220;lote 22&#8243;&#8230;):<\/em><\/p>\n<p><em>Hotel Arts (c\/Marina, 19-21), a les 11.30 hores<\/em><br \/>\nA&nbsp;Girona i Lleida es faran concentracions davant les seus de les organitzacions empresarials i a Tarragona davant el Campus Catalunya de la URV (Av. Catalunya, 35), a les 11.00 h.<\/p>\n<p>Feu clic per veure:<br \/>\n&#8211; <a href=\"http:\/\/www.ccoo.cat\/pdf_documents\/2017\/cartell_23m_2017.pdf\" target=\"_blank\" rel=\"noopener\">cartell de la jornada de lluita a favor de l&#8217;ocupaci\u00f3, els salaris dignes i la recuperaci\u00f3 dels drets socials<\/a><br \/>\n&#8211; <a href=\"http:\/\/www.ccoo.cat\/pdf_documents\/2017\/manifest_23m_2017.pdf\" target=\"_blank\" rel=\"noopener\">manifest de la jornada de lluita a favor de l&#8217;ocupaci\u00f3, els salaris dignes i la recuperaci\u00f3 dels drets socials<\/a><\/p>\n","protected":false},"excerpt":{"rendered":"<p>CCOO i UGT convoquem per al pr\u00f2xim 23 de mar\u00e7 una nova jornada de lluita i reivindicaci\u00f3 a favor de L\u2019OCUPACI\u00d3, ELS SALARIS DIGNES I LA RECUPERACI\u00d3 DELS DRETS SOCIALS. &#8230; <\/p>\n<p class=\"read-more-container\"><a title=\"23M &#8211; Jornada de lluita a favor de l&#8217;ocupaci\u00f3, els salaris dignes i la recuperaci\u00f3 dels drets socials\" class=\"read-more button\" href=\"https:\/\/ccoo.app\/ajuntamentbarcelona\/23m-jornada-lluita-favor-locupacio-els-salaris-dignes-i-la-recuperacio-dels-drets-socials-2\/#more-1494\" aria-label=\"M\u00e9s informaci\u00f3 sobre 23M &#8211; Jornada de lluita a favor de l&#8217;ocupaci\u00f3, els salaris dignes i la recuperaci\u00f3 dels drets socials\">Llegeix-ne m\u00e9s \u00bb<\/a><\/p>\n","protected":false},"author":97112,"featured_media":1483,"comment_status":"open","ping_status":"open","sticky":false,"template":"","format":"standard","meta":{"footnotes":""},"categories":[304],"tags":[],"class_list":["post-1494","post","type-post","status-publish","format-standard","has-post-thumbnail","hentry","category-ajuntament","generate-columns","tablet-grid-50","mobile-grid-100","grid-parent","grid-33"],"_links":{"self":[{"href":"https:\/\/ccoo.app\/ajuntamentbarcelona\/wp-json\/wp\/v2\/posts\/1494","targetHints":{"allow":["GET"]}}],"collection":[{"href":"https:\/\/ccoo.app\/ajuntamentbarcelona\/wp-json\/wp\/v2\/posts"}],"about":[{"href":"https:\/\/ccoo.app\/ajuntamentbarcelona\/wp-json\/wp\/v2\/types\/post"}],"author":[{"embeddable":true,"href":"https:\/\/ccoo.app\/ajuntamentbarcelona\/wp-json\/wp\/v2\/users\/97112"}],"replies":[{"embeddable":true,"href":"https:\/\/ccoo.app\/ajuntamentbarcelona\/wp-json\/wp\/v2\/comments?post=1494"}],"version-history":[{"count":0,"href":"https:\/\/ccoo.app\/ajuntamentbarcelona\/wp-json\/wp\/v2\/posts\/1494\/revisions"}],"wp:featuredmedia":[{"embeddable":true,"href":"https:\/\/ccoo.app\/ajuntamentbarcelona\/wp-json\/wp\/v2\/media\/1483"}],"wp:attachment":[{"href":"https:\/\/ccoo.app\/ajuntamentbarcelona\/wp-json\/wp\/v2\/media?parent=1494"}],"wp:term":[{"taxonomy":"category","embeddable":true,"href":"https:\/\/ccoo.app\/ajuntamentbarcelona\/wp-json\/wp\/v2\/categories?post=1494"},{"taxonomy":"post_tag","embeddable":true,"href":"https:\/\/ccoo.app\/ajuntamentbarcelona\/wp-json\/wp\/v2\/tags?post=1494"}],"curies":[{"name":"wp","href":"https:\/\/api.w.org\/{rel}","templated":true}]}}