{"id":1489,"date":"2017-03-20T12:20:25","date_gmt":"2017-03-20T11:20:25","guid":{"rendered":"https:\/\/ccoo.app\/ajuntamentbarcelona\/?p=1489"},"modified":"2017-03-20T12:20:25","modified_gmt":"2017-03-20T11:20:25","slug":"tercer-congres-fsc-nous-reptes-nova-direccio","status":"publish","type":"post","link":"https:\/\/ccoo.app\/ajuntamentbarcelona\/tercer-congres-fsc-nous-reptes-nova-direccio\/","title":{"rendered":"Tercer congr\u00e9s FSC: nous reptes, nova direcci\u00f3"},"content":{"rendered":"<p><img loading=\"lazy\" decoding=\"async\" class=\"wp-image-1490 aligncenter\" src=\"http:\/\/ccoo.app\/ajuntamentbarcelona\/wp-content\/blogs.dir\/6\/files\/sites\/228\/2017\/03\/IMG_3933-300x225.jpg\" alt=\"\" width=\"508\" height=\"383\"><\/p>\n<p>&nbsp;<\/p>\n<p>Els passats dies 16 i 17 de mar\u00e7 es va celebrar el 3r congr\u00e9s de l&#8217;<span class=\"hiddenSpellError\">FSC<\/span>&nbsp;de Catalunya on es van aprovar els documents de treball de la federaci\u00f3&nbsp;per al&nbsp;proper mandat. El congr\u00e9s va estudiar tamb\u00e9 els documents congressuals&nbsp;<span class=\"hiddenGrammarError\">de la CONC<\/span>&nbsp;i de la Federaci\u00f3 estatal tot elevant diferents propostes&nbsp;per al&nbsp;debat d&#8217;aquests congressos.<\/p>\n<p>El 3r congr\u00e9s va aprovar diferents resolucions: una de car\u00e0cter general;&nbsp;una altra&nbsp;sobre joves i sindicat, una altra sobre dona i sindicat; una altra sobre la fusi\u00f3 dels sectors de l&#8217;administraci\u00f3 local, del cicle integral de l&#8217;aigua i intervenci\u00f3 social, en un \u00fanic sector; una de suport al company&nbsp;<span class=\"hiddenSpellError\">Kilian<\/span>&nbsp;P\u00e9rez que pateix l&#8217;actuaci\u00f3&nbsp;<span class=\"hiddenSpellError\">antisindical<\/span>&nbsp;de l&#8217;alcalde del seu Ajuntament; i finalment&nbsp;una resoluci\u00f3&nbsp;de suport al manifest del comit\u00e8 d&#8217;empresa de TV3 en defensa d&#8217;uns mitjans p\u00fablics plurals i contra el control pol\u00edtic d&#8217;aquests.<\/p>\n<p>El congr\u00e9s va elegir a Manuel Fages com secretari general amb un 90% de suport, i una nova comissi\u00f3 executiva tamb\u00e9 escollida amb un 90% de suport.<\/p>\n<p>Durant el congr\u00e9s hem tingut la pres\u00e8ncia de delegacions internacionals: CGT i&nbsp;<span class=\"hiddenSpellError\">CFDT<\/span>&nbsp;(Fran\u00e7a),&nbsp;<span class=\"hiddenSpellError\">CGIL<\/span>&nbsp;(It\u00e0lia)&nbsp;i VER<span class=\"hiddenGrammarError\">.DI<\/span>&nbsp;(Alemanya), les quals van dirigir al plenari del congr\u00e9s una salutaci\u00f3 solid\u00e0ria i propostes de treballar conjuntament&nbsp;enfront de les&nbsp;agressions de les pol\u00edtiques neoliberals que colpegen a tots els&nbsp;pa\u00efsos&nbsp;d&#8217;<span class=\"hiddenGrammarError\">Europa.<\/span><\/p>\n<p>Imatges: nova executiva..<\/p>\n<p>&nbsp;<\/p>\n","protected":false},"excerpt":{"rendered":"<p>&nbsp; Els passats dies 16 i 17 de mar\u00e7 es va celebrar el 3r congr\u00e9s de l&#8217;FSC&nbsp;de Catalunya on es van aprovar els documents de treball de la federaci\u00f3&nbsp;per al&nbsp;proper &#8230; <\/p>\n<p class=\"read-more-container\"><a title=\"Tercer congr\u00e9s FSC: nous reptes, nova direcci\u00f3\" class=\"read-more button\" href=\"https:\/\/ccoo.app\/ajuntamentbarcelona\/tercer-congres-fsc-nous-reptes-nova-direccio\/#more-1489\" aria-label=\"M\u00e9s informaci\u00f3 sobre Tercer congr\u00e9s FSC: nous reptes, nova direcci\u00f3\">Llegeix-ne m\u00e9s \u00bb<\/a><\/p>\n","protected":false},"author":97112,"featured_media":1490,"comment_status":"open","ping_status":"open","sticky":false,"template":"","format":"standard","meta":{"footnotes":""},"categories":[304],"tags":[],"class_list":["post-1489","post","type-post","status-publish","format-standard","has-post-thumbnail","hentry","category-ajuntament","generate-columns","tablet-grid-50","mobile-grid-100","grid-parent","grid-33"],"_links":{"self":[{"href":"https:\/\/ccoo.app\/ajuntamentbarcelona\/wp-json\/wp\/v2\/posts\/1489","targetHints":{"allow":["GET"]}}],"collection":[{"href":"https:\/\/ccoo.app\/ajuntamentbarcelona\/wp-json\/wp\/v2\/posts"}],"about":[{"href":"https:\/\/ccoo.app\/ajuntamentbarcelona\/wp-json\/wp\/v2\/types\/post"}],"author":[{"embeddable":true,"href":"https:\/\/ccoo.app\/ajuntamentbarcelona\/wp-json\/wp\/v2\/users\/97112"}],"replies":[{"embeddable":true,"href":"https:\/\/ccoo.app\/ajuntamentbarcelona\/wp-json\/wp\/v2\/comments?post=1489"}],"version-history":[{"count":0,"href":"https:\/\/ccoo.app\/ajuntamentbarcelona\/wp-json\/wp\/v2\/posts\/1489\/revisions"}],"wp:featuredmedia":[{"embeddable":true,"href":"https:\/\/ccoo.app\/ajuntamentbarcelona\/wp-json\/wp\/v2\/media\/1490"}],"wp:attachment":[{"href":"https:\/\/ccoo.app\/ajuntamentbarcelona\/wp-json\/wp\/v2\/media?parent=1489"}],"wp:term":[{"taxonomy":"category","embeddable":true,"href":"https:\/\/ccoo.app\/ajuntamentbarcelona\/wp-json\/wp\/v2\/categories?post=1489"},{"taxonomy":"post_tag","embeddable":true,"href":"https:\/\/ccoo.app\/ajuntamentbarcelona\/wp-json\/wp\/v2\/tags?post=1489"}],"curies":[{"name":"wp","href":"https:\/\/api.w.org\/{rel}","templated":true}]}}