{"id":1485,"date":"2017-03-20T10:00:23","date_gmt":"2017-03-20T09:00:23","guid":{"rendered":"https:\/\/ccoo.app\/ajuntamentbarcelona\/?p=1485"},"modified":"2017-03-20T10:00:23","modified_gmt":"2017-03-20T09:00:23","slug":"certificat-professionalitat-atencio-al-client-consumidor-i-usuari","status":"publish","type":"post","link":"https:\/\/ccoo.app\/ajuntamentbarcelona\/certificat-professionalitat-atencio-al-client-consumidor-i-usuari\/","title":{"rendered":"Certificat de professionalitat Atenci\u00f3 al client, consumidor i usuari"},"content":{"rendered":"<p><img loading=\"lazy\" decoding=\"async\" class=\"size-medium wp-image-1487 alignleft\" src=\"http:\/\/ccoo.app\/ajuntamentbarcelona\/wp-content\/blogs.dir\/6\/files\/sites\/228\/2017\/03\/formaciopacopuerto-300x127.jpg\" alt=\"\" width=\"300\" height=\"127\" srcset=\"https:\/\/ccoo.app\/ajuntamentbarcelona\/wp-content\/blogs.dir\/6\/files\/sites\/228\/2017\/03\/formaciopacopuerto-300x127.jpg 300w, https:\/\/ccoo.app\/ajuntamentbarcelona\/wp-content\/blogs.dir\/6\/files\/sites\/228\/2017\/03\/formaciopacopuerto-768x325.jpg 768w, https:\/\/ccoo.app\/ajuntamentbarcelona\/wp-content\/blogs.dir\/6\/files\/sites\/228\/2017\/03\/formaciopacopuerto.jpg 850w\" sizes=\"auto, (max-width: 300px) 100vw, 300px\" \/>Aquest certificat de professionalitat et permetr\u00e0 treballar a l&#8217;\u00e0rea d&#8217;atenci\u00f3 al client en el sector de comer\u00e7 o com a t\u00e8cnic\/a de consum<\/p>\n<p>L\u2019objectiu del curs \u00e9s gestionar i executar els plans d&#8217;atenci\u00f3 al client, consumidor i usuari. Amb&nbsp;420 hores de durada i amb alt \u00edndex d\u2019inserci\u00f3 laboral, inclou 90 hores d&#8217;angl\u00e8s comercial i 40 hores de pr\u00e0ctiques professionals en empreses.<br \/>\n&nbsp;<br \/>\nM\u00f2duls formatius<br \/>\nMF0241_2: Informaci\u00f3 i atenci\u00f3 al client \/ consumidor \/ usuari. 120 hores<br \/>\nMF0245_3: Gesti\u00f3 de queixes i reclamacions en mat\u00e8ria de consum. 90 hores<br \/>\nMF0246_3: Organitzaci\u00f3 d&#8217;un sistema d&#8217;informaci\u00f3 de consum. 120 hores<br \/>\nMF1002_2: Angl\u00e8s professional per activitats comercials. 90 hores<br \/>\nMP0374: M\u00f2dul de pr\u00e0ctiques professionals no laborals. 40 hores<br \/>\n&nbsp;<br \/>\nLloc de realitzaci\u00f3<br \/>\nCCOO Cornell\u00e0. Carretera d&#8217;Esplugues 68. Cornell\u00e0 de Llobregat<br \/>\n&nbsp;<br \/>\nDates i horari<br \/>\nInici dijous 20 d&#8217;abril de 2017. De dilluns a divendres de 09:00 a 14:00h<\/p>\n<p>Formadors:&nbsp;Elena Mur, Maria Porta i Xavi Esc\u00e1nez.<\/p>\n<h3><a href=\"https:\/\/fundaciopacopuerto.cat\/curso\/atencio-al-client-consumidor-o-usuari-63869\/\">INFORMACI\u00d3 I PREINSCRIPCI\u00d3<\/a><\/h3>\n","protected":false},"excerpt":{"rendered":"<p>Aquest certificat de professionalitat et permetr\u00e0 treballar a l&#8217;\u00e0rea d&#8217;atenci\u00f3 al client en el sector de comer\u00e7 o com a t\u00e8cnic\/a de consum L\u2019objectiu del curs \u00e9s gestionar i executar &#8230; <\/p>\n<p class=\"read-more-container\"><a title=\"Certificat de professionalitat Atenci\u00f3 al client, consumidor i usuari\" class=\"read-more button\" href=\"https:\/\/ccoo.app\/ajuntamentbarcelona\/certificat-professionalitat-atencio-al-client-consumidor-i-usuari\/#more-1485\" aria-label=\"M\u00e9s informaci\u00f3 sobre Certificat de professionalitat Atenci\u00f3 al client, consumidor i usuari\">Llegeix-ne m\u00e9s \u00bb<\/a><\/p>\n","protected":false},"author":97112,"featured_media":1487,"comment_status":"open","ping_status":"open","sticky":false,"template":"","format":"standard","meta":{"footnotes":""},"categories":[304,308],"tags":[],"class_list":["post-1485","post","type-post","status-publish","format-standard","has-post-thumbnail","hentry","category-ajuntament","category-formacio","generate-columns","tablet-grid-50","mobile-grid-100","grid-parent","grid-33"],"_links":{"self":[{"href":"https:\/\/ccoo.app\/ajuntamentbarcelona\/wp-json\/wp\/v2\/posts\/1485","targetHints":{"allow":["GET"]}}],"collection":[{"href":"https:\/\/ccoo.app\/ajuntamentbarcelona\/wp-json\/wp\/v2\/posts"}],"about":[{"href":"https:\/\/ccoo.app\/ajuntamentbarcelona\/wp-json\/wp\/v2\/types\/post"}],"author":[{"embeddable":true,"href":"https:\/\/ccoo.app\/ajuntamentbarcelona\/wp-json\/wp\/v2\/users\/97112"}],"replies":[{"embeddable":true,"href":"https:\/\/ccoo.app\/ajuntamentbarcelona\/wp-json\/wp\/v2\/comments?post=1485"}],"version-history":[{"count":0,"href":"https:\/\/ccoo.app\/ajuntamentbarcelona\/wp-json\/wp\/v2\/posts\/1485\/revisions"}],"wp:featuredmedia":[{"embeddable":true,"href":"https:\/\/ccoo.app\/ajuntamentbarcelona\/wp-json\/wp\/v2\/media\/1487"}],"wp:attachment":[{"href":"https:\/\/ccoo.app\/ajuntamentbarcelona\/wp-json\/wp\/v2\/media?parent=1485"}],"wp:term":[{"taxonomy":"category","embeddable":true,"href":"https:\/\/ccoo.app\/ajuntamentbarcelona\/wp-json\/wp\/v2\/categories?post=1485"},{"taxonomy":"post_tag","embeddable":true,"href":"https:\/\/ccoo.app\/ajuntamentbarcelona\/wp-json\/wp\/v2\/tags?post=1485"}],"curies":[{"name":"wp","href":"https:\/\/api.w.org\/{rel}","templated":true}]}}