{"id":1482,"date":"2017-03-20T09:27:37","date_gmt":"2017-03-20T08:27:37","guid":{"rendered":"https:\/\/ccoo.app\/ajuntamentbarcelona\/?p=1482"},"modified":"2017-03-20T09:27:37","modified_gmt":"2017-03-20T08:27:37","slug":"23m-jornada-lluita-favor-locupacio-els-salaris-dignes-i-la-recuperacio-dels-drets-socials","status":"publish","type":"post","link":"https:\/\/ccoo.app\/ajuntamentbarcelona\/23m-jornada-lluita-favor-locupacio-els-salaris-dignes-i-la-recuperacio-dels-drets-socials\/","title":{"rendered":"23M &#8211; Jornada de lluita a favor de l&#8217;ocupaci\u00f3, els salaris dignes i la recuperaci\u00f3 dels drets socials"},"content":{"rendered":"<p><img loading=\"lazy\" decoding=\"async\" class=\"size-medium wp-image-1483 alignleft\" src=\"http:\/\/ccoo.app\/ajuntamentbarcelona\/wp-content\/blogs.dir\/6\/files\/sites\/228\/2017\/03\/23marc-225x300.png\" alt=\"\" width=\"225\" height=\"300\">CCOO i UGT convoquem per al pr\u00f2xim 23 de mar\u00e7 una nova jornada de lluita i reivindicaci\u00f3 a favor de L\u2019OCUPACI\u00d3, ELS SALARIS DIGNES I LA RECUPERACI\u00d3 DELS DRETS SOCIALS.<\/p>\n<p>Despr\u00e9s de tres anys de creixement econ\u00f2mic i&nbsp;amb previsions que indiquen que es mantindr\u00e0 la tend\u00e8ncia i el conseg\u00fcent increment dels beneficis empresarials, els problemes creats per les retallades no es corregeixen, s\u2019agreugen. Tenim m\u00e9s precarietat, m\u00e9s desigualtat i m\u00e9s pobresa.<\/p>\n<p>Per qu\u00e8 les millores no arriben a les fam\u00edlies treballadores?<\/p>\n<p>Perqu\u00e8 el govern del PP i les organitzacions empresarials, amb la seva inacci\u00f3 i amb regressives actuacions en contra d\u2019una majoria vulnerable per afavorir una minoria privilegiada i insaciable, pretenen que la classe treballadora segueixi perdent renda i qualitat de vida.<\/p>\n<p>\u00c9s per aix\u00f2 que CCOO i UGT convoquem una nova jornada de lluita i reivindicaci\u00f3 el proper dia 23 de mar\u00e7, que segueix les ja iniciades al desembre i que van continuar el febrer per DEFENSAR L\u2019OCUPACI\u00d3, UNS SALARIS DIGNES I LA RECUPERACI\u00d3 DELS NOSTRES DRETS SOCIALS.<\/p>\n<p>Feu clic per veure:<br \/>\n&#8211;&nbsp;<a href=\"http:\/\/www.ccoo.cat\/pdf_documents\/2017\/cartell_23m_2017.pdf\" target=\"_blank\" rel=\"noopener\">cartell de la jornada de lluita a favor de l&#8217;ocupaci\u00f3, els salaris dignes i la recuperaci\u00f3 dels drets socials<\/a><br \/>\n&#8211;&nbsp;<a href=\"http:\/\/www.ccoo.cat\/pdf_documents\/2017\/manifest_23m_2017.pdf\" target=\"_blank\" rel=\"noopener\">manifest de la jornada de lluita a favor de l&#8217;ocupaci\u00f3, els salaris dignes i la recuperaci\u00f3 dels drets socials<\/a>&nbsp;<\/p>\n","protected":false},"excerpt":{"rendered":"<p>CCOO i UGT convoquem per al pr\u00f2xim 23 de mar\u00e7 una nova jornada de lluita i reivindicaci\u00f3 a favor de L\u2019OCUPACI\u00d3, ELS SALARIS DIGNES I LA RECUPERACI\u00d3 DELS DRETS SOCIALS. &#8230; <\/p>\n<p class=\"read-more-container\"><a title=\"23M &#8211; Jornada de lluita a favor de l&#8217;ocupaci\u00f3, els salaris dignes i la recuperaci\u00f3 dels drets socials\" class=\"read-more button\" href=\"https:\/\/ccoo.app\/ajuntamentbarcelona\/23m-jornada-lluita-favor-locupacio-els-salaris-dignes-i-la-recuperacio-dels-drets-socials\/#more-1482\" aria-label=\"M\u00e9s informaci\u00f3 sobre 23M &#8211; Jornada de lluita a favor de l&#8217;ocupaci\u00f3, els salaris dignes i la recuperaci\u00f3 dels drets socials\">Llegeix-ne m\u00e9s \u00bb<\/a><\/p>\n","protected":false},"author":97112,"featured_media":1483,"comment_status":"open","ping_status":"open","sticky":false,"template":"","format":"standard","meta":{"footnotes":""},"categories":[304],"tags":[],"class_list":["post-1482","post","type-post","status-publish","format-standard","has-post-thumbnail","hentry","category-ajuntament","generate-columns","tablet-grid-50","mobile-grid-100","grid-parent","grid-33"],"_links":{"self":[{"href":"https:\/\/ccoo.app\/ajuntamentbarcelona\/wp-json\/wp\/v2\/posts\/1482","targetHints":{"allow":["GET"]}}],"collection":[{"href":"https:\/\/ccoo.app\/ajuntamentbarcelona\/wp-json\/wp\/v2\/posts"}],"about":[{"href":"https:\/\/ccoo.app\/ajuntamentbarcelona\/wp-json\/wp\/v2\/types\/post"}],"author":[{"embeddable":true,"href":"https:\/\/ccoo.app\/ajuntamentbarcelona\/wp-json\/wp\/v2\/users\/97112"}],"replies":[{"embeddable":true,"href":"https:\/\/ccoo.app\/ajuntamentbarcelona\/wp-json\/wp\/v2\/comments?post=1482"}],"version-history":[{"count":0,"href":"https:\/\/ccoo.app\/ajuntamentbarcelona\/wp-json\/wp\/v2\/posts\/1482\/revisions"}],"wp:featuredmedia":[{"embeddable":true,"href":"https:\/\/ccoo.app\/ajuntamentbarcelona\/wp-json\/wp\/v2\/media\/1483"}],"wp:attachment":[{"href":"https:\/\/ccoo.app\/ajuntamentbarcelona\/wp-json\/wp\/v2\/media?parent=1482"}],"wp:term":[{"taxonomy":"category","embeddable":true,"href":"https:\/\/ccoo.app\/ajuntamentbarcelona\/wp-json\/wp\/v2\/categories?post=1482"},{"taxonomy":"post_tag","embeddable":true,"href":"https:\/\/ccoo.app\/ajuntamentbarcelona\/wp-json\/wp\/v2\/tags?post=1482"}],"curies":[{"name":"wp","href":"https:\/\/api.w.org\/{rel}","templated":true}]}}