{"id":1306,"date":"2018-10-10T13:12:01","date_gmt":"2018-10-10T12:12:01","guid":{"rendered":"https:\/\/gub.ccoo.cat\/?p=1306"},"modified":"2018-10-10T13:12:01","modified_gmt":"2018-10-10T12:12:01","slug":"assessorament-per-reclamar-la-devolucio-de-lirpf-de-les-prestacions-per-maternitat-3","status":"publish","type":"post","link":"https:\/\/ccoo.app\/ajuntamentbarcelona\/assessorament-per-reclamar-la-devolucio-de-lirpf-de-les-prestacions-per-maternitat-3\/","title":{"rendered":"Assessorament per reclamar la devoluci\u00f3 de l&#8217;IRPF de les prestacions per maternitat"},"content":{"rendered":"<h2 class=\"avantitol\"><span id=\"ctl00_ContentPlaceHolder1_noticia1_lbSotstitular\">Les prestacions per maternitat no tributen<\/span><\/h2>\n<p>&nbsp;<\/p>\n<p>El Tribunal Suprem ha dictat una\u00a0<strong>sent\u00e8ncia declarant exemptes de tributaci\u00f3 les prestacions de maternitat<\/strong>de la Seguretat Social.<br \/>\nCCOO est\u00e0 fent gestions davant l\u2019INSS i l\u2019Ag\u00e8ncia Tribut\u00e0ria per con\u00e8ixer quins procediments utilitzaran per complir la sent\u00e8ncia i retornar les retencions i els proposem que facin la devoluci\u00f3 d\u2019ofici, sense necessitat de fer reclamacions individuals. Algunes informacions de premsa asseguren que l\u2019Ag\u00e8ncia Tribut\u00e0ria no ho retornar\u00e0 d\u2019ofici, sin\u00f3 que denegar\u00e0 totes les reclamacions per posposar el pagament durant dos anys, cosa que CCOO considera inacceptable.<\/p>\n<h2>Conseq\u00fc\u00e8ncies de la sent\u00e8ncia<\/h2>\n<p>&#8211; A\u00a0<strong>qui estigui cobrant o a qui comenci a cobrar la prestaci\u00f3 de maternitat<\/strong>, l\u2019INSS ja\u00a0<strong>no li far\u00e0 la retenci\u00f3 de l\u2019IRPF<\/strong>.<br \/>\n&#8211; Les\u00a0<strong>persones que han rebut la prestaci\u00f3 en algun moment dels \u00faltims quatre anys tenen dret a devoluci\u00f3<\/strong>\u00a0igual que les que estan cobrant la prestaci\u00f3 en aquest moment, de les quantitats ja retingudes.\u00a0<strong>CCOO aconsella les persones afectades que reclamin<\/strong>.<\/p>\n<h2>Dubtes que no resol la sent\u00e8ncia<\/h2>\n<p>&#8211; El\u00a0<strong>personal funcionari que no \u00e9s al R\u00e8gim General de la Seguretat Social no cobra prestacions de maternitat<\/strong>, sin\u00f3 retribucions de maternitat. Per aix\u00f2, la\u00a0<strong>sent\u00e8ncia no \u00e9s d\u2019aplicaci\u00f3 directa<\/strong>. Els serveis jur\u00eddics de CCOO ja hi estan treballant, perqu\u00e8 es pugui aplicar tamb\u00e9 al personal funcionari.<br \/>\n&#8211; La sent\u00e8ncia no es pronuncia sobre les\u00a0<strong>prestacions de paternitat<\/strong>. La regulaci\u00f3 tribut\u00e0ria permet l\u2019extrapolaci\u00f3 directa per similitud. Els serveis jur\u00eddics de CCOO tamb\u00e9 estan treballant per aconseguir l\u2019extensi\u00f3 de l\u2019aplicaci\u00f3 a les prestacions de paternitat.<\/p>\n<h2>Com reclamar-ho?<\/h2>\n<p>Si\u00a0<strong>est\u00e0s afiliada a CCOO, pots rebre atenci\u00f3 gratu\u00efta per ajudar-te a fer la reclamaci\u00f3<\/strong>.<br \/>\nLa\u00a0<strong>reclamaci\u00f3 consisteix a sol\u00b7licitar a l\u2019Administraci\u00f3 d\u2019Hisenda la devoluci\u00f3 de les quanties indegudament retingudes o satisfetes<\/strong>\u00a0mitjan\u00e7ant el procediment de devoluci\u00f3 d\u2019ingressos indeguts i instant la rectificaci\u00f3 de l\u2019autoliquidaci\u00f3.<\/p>\n<p>Aquest \u00e9s un<br \/>\n&#8211;\u00a0\u00a0<a href=\"https:\/\/www.ccoo.cat\/pdf_documents\/2018\/model_reclamacio_irpf_maternitat.pdf\" target=\"_blank\" rel=\"noopener\">model de reclamaci\u00f3 espec\u00edfic per la devoluci\u00f3 de l&#8217;IRPF de les prestacions per maternitat (en catal\u00e0)<\/a>.<br \/>\n&#8211;\u00a0\u00a0<a href=\"https:\/\/www.ccoo.cat\/pdf_documents\/2018\/modelo_reclamacion_irpf_maternidad.pdf\" target=\"_blank\" rel=\"noopener\">model de reclamaci\u00f3 espec\u00edfic per la devoluci\u00f3 de l&#8217;IRPF de les prestacions per maternitat (en castell\u00e0)<\/a>.<\/p>\n<p>Tamb\u00e9 heu de presentar el\u00a0<a href=\"https:\/\/www.ccoo.cat\/pdf_documents\/2018\/solicitud_rectificacion_autoliquidacion_irpf.pdf\" target=\"_blank\" rel=\"noopener\">document oficial de l&#8217;Ag\u00e8ncia Tribut\u00e0ria de sol\u00b7licitud de rectificaci\u00f3 de l&#8217;autoliquidaci\u00f3<\/a><\/p>\n<p><strong>Us han de respondre amb una notificaci\u00f3 de proposta de resoluci\u00f3<\/strong>.<\/p>\n<p><strong>Atenci\u00f3: si la resposta \u00e9s negativa nom\u00e9s teniu 10 dies per presentar al\u00b7legacions<\/strong>.<\/p>\n<p>Si ja fa\u00a0<strong>prop de quatre anys que vau rebre la prestaci\u00f3 de maternitat, us heu d\u2019afanyar a fer la petici\u00f3 perqu\u00e8 no prescrigui el dret<\/strong>.<\/p>\n<p>Les persones que no teniu aquesta pressa, podeu esperar les decisions burocr\u00e0tiques de l\u2019Ag\u00e8ncia Tribut\u00e0ria, per si actuen d\u2019ofici o faciliten un tr\u00e0mit m\u00e9s senzill. Actualitzarem aquesta informaci\u00f3 tan aviat com es vagin produint les novetats.<\/p>\n<blockquote><p>ASSESSORAMENT DE CCOO PER RECLAMAR LA DEVOLUCI\u00d3 DE L&#8217;IRPF DE LES PRESTACIONS PER MATERNITAT<\/p>\n<p>Si sou afiliades podeu trucar al\u00a0<span class=\"vermell\">93 481 28 48<\/span>\u00a0i rebre atenci\u00f3 gratu\u00efta per fer la reclamaci\u00f3.<\/p><\/blockquote>\n","protected":false},"excerpt":{"rendered":"<p>Les prestacions per maternitat no tributen &nbsp; El Tribunal Suprem ha dictat una\u00a0sent\u00e8ncia declarant exemptes de tributaci\u00f3 les prestacions de maternitatde la Seguretat Social. CCOO est\u00e0 fent gestions davant l\u2019INSS &#8230; <\/p>\n<p class=\"read-more-container\"><a title=\"Assessorament per reclamar la devoluci\u00f3 de l&#8217;IRPF de les prestacions per maternitat\" class=\"read-more button\" href=\"https:\/\/ccoo.app\/ajuntamentbarcelona\/assessorament-per-reclamar-la-devolucio-de-lirpf-de-les-prestacions-per-maternitat-3\/#more-1306\" aria-label=\"M\u00e9s informaci\u00f3 sobre Assessorament per reclamar la devoluci\u00f3 de l&#8217;IRPF de les prestacions per maternitat\">Llegeix-ne m\u00e9s \u00bb<\/a><\/p>\n","protected":false},"author":97114,"featured_media":1307,"comment_status":"open","ping_status":"open","sticky":false,"template":"","format":"standard","meta":{"footnotes":""},"categories":[303],"tags":[],"class_list":["post-1306","post","type-post","status-publish","format-standard","has-post-thumbnail","hentry","category-guardia-urbana","generate-columns","tablet-grid-50","mobile-grid-100","grid-parent","grid-33"],"_links":{"self":[{"href":"https:\/\/ccoo.app\/ajuntamentbarcelona\/wp-json\/wp\/v2\/posts\/1306","targetHints":{"allow":["GET"]}}],"collection":[{"href":"https:\/\/ccoo.app\/ajuntamentbarcelona\/wp-json\/wp\/v2\/posts"}],"about":[{"href":"https:\/\/ccoo.app\/ajuntamentbarcelona\/wp-json\/wp\/v2\/types\/post"}],"author":[{"embeddable":true,"href":"https:\/\/ccoo.app\/ajuntamentbarcelona\/wp-json\/wp\/v2\/users\/97114"}],"replies":[{"embeddable":true,"href":"https:\/\/ccoo.app\/ajuntamentbarcelona\/wp-json\/wp\/v2\/comments?post=1306"}],"version-history":[{"count":0,"href":"https:\/\/ccoo.app\/ajuntamentbarcelona\/wp-json\/wp\/v2\/posts\/1306\/revisions"}],"wp:featuredmedia":[{"embeddable":true,"href":"https:\/\/ccoo.app\/ajuntamentbarcelona\/wp-json\/wp\/v2\/media\/1307"}],"wp:attachment":[{"href":"https:\/\/ccoo.app\/ajuntamentbarcelona\/wp-json\/wp\/v2\/media?parent=1306"}],"wp:term":[{"taxonomy":"category","embeddable":true,"href":"https:\/\/ccoo.app\/ajuntamentbarcelona\/wp-json\/wp\/v2\/categories?post=1306"},{"taxonomy":"post_tag","embeddable":true,"href":"https:\/\/ccoo.app\/ajuntamentbarcelona\/wp-json\/wp\/v2\/tags?post=1306"}],"curies":[{"name":"wp","href":"https:\/\/api.w.org\/{rel}","templated":true}]}}