{"id":11987,"date":"2016-09-12T08:48:43","date_gmt":"2016-09-12T07:48:43","guid":{"rendered":"https:\/\/bombers-barcelona.ccoo.cat\/?p=351"},"modified":"2016-09-12T08:48:43","modified_gmt":"2016-09-12T07:48:43","slug":"un-millon-y-medio-de-euros-en-horas-extras-apaga-el-incendio-de-los-bomberos-de-madrid","status":"publish","type":"post","link":"https:\/\/ccoo.app\/ajuntamentbarcelona\/un-millon-y-medio-de-euros-en-horas-extras-apaga-el-incendio-de-los-bomberos-de-madrid\/","title":{"rendered":"Un mill\u00f3n y medio de euros en horas extras apaga el incendio de los bomberos de Madrid"},"content":{"rendered":"<p><img loading=\"lazy\" decoding=\"async\" class=\" wp-image-352 aligncenter\" src=\"https:\/\/bombers-barcelona.ccoo.cat\/wp-content\/uploads\/sites\/28\/2016\/09\/bombmadrid-300x168.jpg\" alt=\"bombmadrid\" width=\"514\" height=\"288\" srcset=\"https:\/\/ccoo.app\/ajuntamentbarcelona\/wp-content\/blogs.dir\/6\/files\/sites\/228\/2016\/09\/bombmadrid-300x168.jpg 300w, https:\/\/ccoo.app\/ajuntamentbarcelona\/wp-content\/blogs.dir\/6\/files\/sites\/228\/2016\/09\/bombmadrid-768x431.jpg 768w, https:\/\/ccoo.app\/ajuntamentbarcelona\/wp-content\/blogs.dir\/6\/files\/sites\/228\/2016\/09\/bombmadrid.jpg 996w\" sizes=\"auto, (max-width: 514px) 100vw, 514px\" \/><\/p>\n<p><a href=\"http:\/\/www.elconfidencial.com\/espana\/madrid\/2016-09-11\/bomberos-comunidad-madrid-tribunales-sentencias-horas-extra_1257808\/\">elconfidencial.com<\/a><\/p>\n<p>Horas extras mal calculadas y por tanto, mal cobradas, <strong>que pueden suponer un desembolso para las arcas p\u00fablicas de 1,5 millones de euros<\/strong>. Al menos seis bomberos de la Comunidad de Madrid han ganado en los tribunales el cobro de cantidades adicionales por las horas extraordinarias que trabajaron entre los a\u00f1os 2012 y mayo de 2016. Juzgados de lo contencioso administrativo est\u00e1n dando la raz\u00f3n a los funcionarios, que percibieron una cantidad inferior a la que realmente les correspond\u00eda. Esto va a provocar un reguero de reclamaciones que <a href=\"https:\/\/www.csif.es\/comunidad-de-madrid\" target=\"_blank\" rel=\"noopener\">el sindicato CSI-F<\/a> est\u00e1 canalizando. <strong>La plantilla est\u00e1 formada por 1.267 efectivos<\/strong>. El Gobierno regional presidido por <a href=\"https:\/\/www.csif.es\/comunidad-de-madrid\" target=\"_blank\" rel=\"noopener\">Cristina Cifuentes<\/a>, que se ha encontrado con este desaguisado, est\u00e1 acatando las sentencias y esta primavera firm\u00f3 un acuerdo con los sindicatos para fijar el precio de la hora extra y corregir los errores del pasado.<\/p>\n<p>Una de las \u00faltimas sentencias, dictada por el juzgado de lo contencioso administrativo n\u00famero 32 de Madrid, da la raz\u00f3n a un jefe de dotaci\u00f3n de un parque de bomberos de la Comunidad de Madrid. <strong>Condena al Ejecutivo auton\u00f3mico a abonarle 2.745,96 euros<\/strong> por &#8220;horas de servicio especial&#8221; (horas extras) que realiz\u00f3 entre los a\u00f1os 2012 y 2015, adem\u00e1s de imponer a la Administraci\u00f3n regional el pago de costas por haber recurrido una sentencia anterior que ya daba la raz\u00f3n al funcionario. El cuerpo le pagaba 32,99 euros por hora extra, cuando deber\u00eda haber recibido 35,05 euros. La diferencia es lo que un juez obliga ahora a abonarle.<\/p>\n<p>&nbsp;<\/p>\n<p>En julio de 2010, la Direcci\u00f3n General de Protecci\u00f3n Ciudadana fij\u00f3 lo que deber\u00edan cobrar los bomberos por las horas de servicio especial: <strong>14 precios distintos en funci\u00f3n de las 14 categor\u00edas del cuerpo<\/strong>. Por ejemplo, el bombero raso percibir\u00eda 29,90 euros; el bombero especialista, 32,33 euros; el jefe de equipo, 37,59 euros; y el inspector, 63,80 euros.\u00a0El acuerdo estipulaba la retribuci\u00f3n m\u00ednima en 29,90 euros (la categor\u00eda m\u00e1s baja) &#8220;y de forma proporcional para las restantes categor\u00edas&#8221;. <strong>Pero no se aplic\u00f3 de forma proporcional, sino de forma lineal<\/strong>. A todas las categor\u00edas se les subieron\u00a0siete\u00a0euros cuando a la m\u00e1s baja le\u00a0correspond\u00edan esos siete\u00a0euros y a la m\u00e1s alta 16 euros.<\/p>\n<p>CSI-F asegura que advirti\u00f3 a la Direcci\u00f3n General de Protecci\u00f3n Ciudadana desde el principio de que estaba calculando mal el valor de la hora extraordinaria, &#8220;obviando el principio de proporcionalidad para cada categor\u00eda, incumpliendo as\u00ed el acuerdo de jornada alcanzado el 23 de julio de 2010&#8221;. <strong>Del error se dieron cuenta los mandos<\/strong>, que son los que menos estaban cobrando al aplicarles un criterio lineal en vez de proporcional. Por ejemplo, en el caso de la categor\u00eda de inspector estos han estado cobrando\u00a051,80 euros cuando les correspond\u00edan 63,80 euros. La mayor\u00eda de las reclamaciones corresponden a las categor\u00edas m\u00e1s altas, de jefe de dotaci\u00f3n para arriba en el escalaf\u00f3n. <strong>La cuant\u00eda de lo mal cobrado a partir de 2012 asciende a 1,5 millones<\/strong> si finalmente reclaman todos los bomberos que han hecho horas extras.<\/p>\n<h2>Ha prescrito entre 2010 y 2012<\/h2>\n<p>Aunque el acuerdo es de 2010, todas las horas extras mal cobradas entre 2010 y 2012 ya no se pueden reclamar judicialmente &#8220;porque han prescrito&#8221;, se\u00f1ala CSI-F. Las demandas individuales que est\u00e1n llegando a los tribunales\u00a0<strong>est\u00e1n reclamando las horas extras mal cuantificadas entre 2012 y mayo de 2016<\/strong>, cuando se ha firmado un nuevo acuerdo para fijar estos precios. &#8220;Este mes han denunciado otros diez compa\u00f1eros. Vamos a pedir lo que se llama una extensi\u00f3n de efecto que permitir\u00e1 que las sentencias ya ganadas se apliquen a los nuevos casos. CSI-F, no obstante, ha pedido al\u00a0Gobierno regional &#8220;que abone\u00a0de oficio estas cantidades y evite\u00a0as\u00ed m\u00e1s procedimientos judiciales y el consiguiente pago de costas judiciales por parte de la Comunidad&#8221;. El sindicato est\u00e1 estudiando si emprende acciones legales &#8220;al estimar que el ciudadano no tiene por qu\u00e9 asumir las costas de unos procedimientos judiciales que sistem\u00e1ticamente est\u00e1 perdiendo la Administraci\u00f3n regional&#8221;.<\/p>\n<p>Un portavoz de la Direcci\u00f3n General de Protecci\u00f3n Ciudadana asegura que el actual Gobierno (que lleg\u00f3 en junio de 2015) se encontr\u00f3 con las reclamaciones judiciales que individualmente empezaron a poner algunos bomberos en 2014. &#8220;<strong>Hay otras 30 peticiones de funcionarios pidiendo de oficio cantidades que ellos creen que les corresponden<\/strong> y otros 40 casos pendientes de juicio. Estamos acatando las sentencias&#8221;. Desde esta direcci\u00f3n general aseguran que el problema se ha solucionado tras firmar en mayo de este a\u00f1o un nuevo acuerdo con los sindicatos para fijar el nuevo precio de las horas extras.<\/p>\n<p><span class=\"summary block-summary\">&#8220;Hay otras 30 peticiones de bomberos pidiendo de oficio cantidades que ellos creen que les corresponden y otros 40 casos pendientes de juicio&#8221;<\/span><\/p>\n<p>Curiosamente ahora se ha firmado una tabla de precios que corresponde con lo que los tribunales dicen que se ha aplicado mal. Es decir, un\u00a0jefe de dotaci\u00f3n cobra desde mayo de este a\u00f1o 32,99 euros (el acuerdo de 2010 fijaba\u00a035,05 euros), lo que ha estado percibiendo estos a\u00f1os y los jueces est\u00e1n sentenciando que es err\u00f3neo, es decir, que el jefe de dotaci\u00f3n deber\u00eda haber cobrado\u00a035,05 euros. &#8220;<strong>Ahora hemos aceptado el incremento lineal <\/strong>y no proporcional porque la Administraci\u00f3n dice que no tiene dinero y se ha comprometido a ampliar la plantilla en 614 nuevos efectivos para eliminar las horas extras. Pero ese acuerdo es de mayo de 2016. Desde 2012 a mayo de 2016 tenemos derecho a reclamar en los tribunales que hemos cobrado de menos&#8221;.<\/p>\n<p><strong>Los bomberos tambi\u00e9n reclaman unos 3,5 millones de euros por las seis guardias de 24 horas<\/strong> que se comprometieron a hacer este a\u00f1o para paliar la falta de efectivos mientras se incorporaban los 614 nuevos bomberos. Guardias que de momento no est\u00e1n cobrando. Desde la\u00a0Direcci\u00f3n General de Protecci\u00f3n Ciudadana aclaran que las cobrar\u00e1n en enero de 2017 cuando termine 2016. &#8220;Estamos trabajando gratis, por adelantado&#8221;, se\u00f1alan desde CSI-F. En mayo se incorporaron 61 nuevos efectivos.    \t<\/p>\n","protected":false},"excerpt":{"rendered":"<p>elconfidencial.com Horas extras mal calculadas y por tanto, mal cobradas, que pueden suponer un desembolso para las arcas p\u00fablicas de 1,5 millones de euros. Al menos seis bomberos de la &#8230; <\/p>\n<p class=\"read-more-container\"><a title=\"Un mill\u00f3n y medio de euros en horas extras apaga el incendio de los bomberos de Madrid\" class=\"read-more button\" href=\"https:\/\/ccoo.app\/ajuntamentbarcelona\/un-millon-y-medio-de-euros-en-horas-extras-apaga-el-incendio-de-los-bomberos-de-madrid\/#more-11987\" aria-label=\"M\u00e9s informaci\u00f3 sobre Un mill\u00f3n y medio de euros en horas extras apaga el incendio de los bomberos de Madrid\">Llegeix-ne m\u00e9s \u00bb<\/a><\/p>\n","protected":false},"author":97114,"featured_media":352,"comment_status":"open","ping_status":"open","sticky":false,"template":"","format":"standard","meta":{"footnotes":""},"categories":[313],"tags":[],"class_list":["post-11987","post","type-post","status-publish","format-standard","has-post-thumbnail","hentry","category-313","generate-columns","tablet-grid-50","mobile-grid-100","grid-parent","grid-33"],"_links":{"self":[{"href":"https:\/\/ccoo.app\/ajuntamentbarcelona\/wp-json\/wp\/v2\/posts\/11987","targetHints":{"allow":["GET"]}}],"collection":[{"href":"https:\/\/ccoo.app\/ajuntamentbarcelona\/wp-json\/wp\/v2\/posts"}],"about":[{"href":"https:\/\/ccoo.app\/ajuntamentbarcelona\/wp-json\/wp\/v2\/types\/post"}],"author":[{"embeddable":true,"href":"https:\/\/ccoo.app\/ajuntamentbarcelona\/wp-json\/wp\/v2\/users\/97114"}],"replies":[{"embeddable":true,"href":"https:\/\/ccoo.app\/ajuntamentbarcelona\/wp-json\/wp\/v2\/comments?post=11987"}],"version-history":[{"count":0,"href":"https:\/\/ccoo.app\/ajuntamentbarcelona\/wp-json\/wp\/v2\/posts\/11987\/revisions"}],"wp:featuredmedia":[{"embeddable":true,"href":"https:\/\/ccoo.app\/ajuntamentbarcelona\/wp-json\/wp\/v2\/media\/352"}],"wp:attachment":[{"href":"https:\/\/ccoo.app\/ajuntamentbarcelona\/wp-json\/wp\/v2\/media?parent=11987"}],"wp:term":[{"taxonomy":"category","embeddable":true,"href":"https:\/\/ccoo.app\/ajuntamentbarcelona\/wp-json\/wp\/v2\/categories?post=11987"},{"taxonomy":"post_tag","embeddable":true,"href":"https:\/\/ccoo.app\/ajuntamentbarcelona\/wp-json\/wp\/v2\/tags?post=11987"}],"curies":[{"name":"wp","href":"https:\/\/api.w.org\/{rel}","templated":true}]}}