{"id":10365,"date":"2022-11-29T13:29:54","date_gmt":"2022-11-29T12:29:54","guid":{"rendered":"https:\/\/gub.ccoo.cat\/?p=8466"},"modified":"2022-11-29T13:29:54","modified_gmt":"2022-11-29T12:29:54","slug":"csif-traeix-la-guardia-urbana","status":"publish","type":"post","link":"https:\/\/ccoo.app\/ajuntamentbarcelona\/csif-traeix-la-guardia-urbana\/","title":{"rendered":"CSIF traeix la Gu\u00e0rdia Urbana"},"content":{"rendered":"<div class=\"wp-block-image\">\n<figure class=\"aligncenter size-large\"><img decoding=\"async\" src=\"https:\/\/gub.ccoo.cat\/wp-content\/uploads\/sites\/13\/2022\/11\/Les-30-monedes-de-la-traicio-de-CSIF-1024x1024.png\" alt=\"\" class=\"wp-image-7475\" \/><\/figure>\n<\/div>\n\n\n<p>El que es denomina a si mateix \u00fanic sindicat corporatiu de la Gu\u00e0rdia Urbana de Barcelona ha tra\u00eft a tota la plantilla de la GUB en abandonar la taula de negociaci\u00f3 de la Valoraci\u00f3 de Llocs de Treball.<\/p>\n\n\n\n<p>CSIF s&#8217;aixeca de la taula de negociaci\u00f3 quan ja s&#8217;havia arribat a un acord en la Gu\u00e0rdia Urbana i deixa venuts a tota la plantilla renunciant a tota negociaci\u00f3 per a aconseguir les especialitats i els diferents complements de funcions.<\/p>\n\n\n\n<p>Les Comissions Obreres donem veu a la plantilla i lluitem en les negociacions contra l\u2019administraci\u00f3 fins al final, per\u00f2 mai abandonarem la plantilla de la GUB.<\/p>\n\n\n\n<p>Les negociacions sobre la valoraci\u00f3 dels llocs de treball s\u00f3n molt complicades, per\u00f2 per responsabilitat i pel comprom\u00eds amb tothom <strong>AMB O SENSE ACORD, GUBCCOO LLUITAREM FINS AL FINAL<\/strong><\/p>\n\n\n\n<p>Imperdonablement, <strong>CSIF no ha sigut capa\u00e7 d\u2019aguantar la pressi\u00f3<\/strong> d\u2019una negociaci\u00f3 molt dura i exigent, per manca d\u2019experi\u00e8ncia en un acte d\u2019irresponsabilitat i demostrant una total manca de comprom\u00eds amb tota la plantilla ha abandonat la taula de negociaci\u00f3, i aix\u00ed una altra vegada, deixa penjada les esperances i posa en risc els complements econ\u00f2mics de les treballadores i treballadors municipals.<\/p>\n\n\n\n<p>Les CCOO portem des de 2016 recopilant diverg\u00e8ncies econ\u00f2miques en la Gu\u00e0rdia Urbana, reclamant les injust\u00edcies que fa aquest Ajuntament en mat\u00e8ria retributiva.<\/p>\n\n\n\n<p>Des de CCOO-GUB, sol\u00b7licitem que es desenvolupi la&nbsp;RLT, tenint en compte tots els llocs de treball singulars que han estat detectats pel nostre grup d&#8217;experts, en les Unitats Territorials aix\u00ed com les ESPECIALITATS de diferents unitats que formen la&nbsp;GUB i tamb\u00e9 volem parlar del reglament de funcionament de la VLT.&nbsp;<\/p>\n\n\n\n<p>Cal realitzar una valoraci\u00f3 individualitzada, assignant un valor econ\u00f2mic a trav\u00e9s del complement ESPEC\u00cdFIC, just, ponderat i concorde a la dedicaci\u00f3 professional, disponibilitat, responsabilitat, perillositat, pen\u00faria, nocturnitat, festivitat, incompatibilitat aix\u00ed com l&#8217;especial dificultat t\u00e8cnica.<\/p>\n\n\n\n<h1 class=\"has-text-align-center wp-block-heading\">Seguim treballant com fem sempre,<\/h1>\n\n\n\n<h1 class=\"has-text-align-center wp-block-heading\">al vostre costat,<\/h1>\n\n\n\n<h1 class=\"has-text-align-center wp-block-heading\">per aconseguir acabar amb les situacions injustes que vivim.<\/h1>\n\n\n\n<h1 class=\"has-text-align-center has-white-color has-vivid-red-background-color has-text-color has-background wp-block-heading\">GUBCCOO, No defallirem!<\/h1>\n    \t","protected":false},"excerpt":{"rendered":"<p>El que es denomina a si mateix \u00fanic sindicat corporatiu de la Gu\u00e0rdia Urbana de Barcelona ha tra\u00eft a tota la plantilla de la GUB en abandonar la taula de &#8230; <\/p>\n<p class=\"read-more-container\"><a title=\"CSIF traeix la Gu\u00e0rdia Urbana\" class=\"read-more button\" href=\"https:\/\/ccoo.app\/ajuntamentbarcelona\/csif-traeix-la-guardia-urbana\/#more-10365\" aria-label=\"M\u00e9s informaci\u00f3 sobre CSIF traeix la Gu\u00e0rdia Urbana\">Llegeix-ne m\u00e9s \u00bb<\/a><\/p>\n","protected":false},"author":97114,"featured_media":10273,"comment_status":"closed","ping_status":"open","sticky":false,"template":"","format":"standard","meta":{"footnotes":""},"categories":[303],"tags":[],"class_list":["post-10365","post","type-post","status-publish","format-standard","has-post-thumbnail","hentry","category-guardia-urbana","generate-columns","tablet-grid-50","mobile-grid-100","grid-parent","grid-33"],"_links":{"self":[{"href":"https:\/\/ccoo.app\/ajuntamentbarcelona\/wp-json\/wp\/v2\/posts\/10365","targetHints":{"allow":["GET"]}}],"collection":[{"href":"https:\/\/ccoo.app\/ajuntamentbarcelona\/wp-json\/wp\/v2\/posts"}],"about":[{"href":"https:\/\/ccoo.app\/ajuntamentbarcelona\/wp-json\/wp\/v2\/types\/post"}],"author":[{"embeddable":true,"href":"https:\/\/ccoo.app\/ajuntamentbarcelona\/wp-json\/wp\/v2\/users\/97114"}],"replies":[{"embeddable":true,"href":"https:\/\/ccoo.app\/ajuntamentbarcelona\/wp-json\/wp\/v2\/comments?post=10365"}],"version-history":[{"count":0,"href":"https:\/\/ccoo.app\/ajuntamentbarcelona\/wp-json\/wp\/v2\/posts\/10365\/revisions"}],"wp:featuredmedia":[{"embeddable":true,"href":"https:\/\/ccoo.app\/ajuntamentbarcelona\/wp-json\/wp\/v2\/media\/10273"}],"wp:attachment":[{"href":"https:\/\/ccoo.app\/ajuntamentbarcelona\/wp-json\/wp\/v2\/media?parent=10365"}],"wp:term":[{"taxonomy":"category","embeddable":true,"href":"https:\/\/ccoo.app\/ajuntamentbarcelona\/wp-json\/wp\/v2\/categories?post=10365"},{"taxonomy":"post_tag","embeddable":true,"href":"https:\/\/ccoo.app\/ajuntamentbarcelona\/wp-json\/wp\/v2\/tags?post=10365"}],"curies":[{"name":"wp","href":"https:\/\/api.w.org\/{rel}","templated":true}]}}