{"id":10165,"date":"2020-10-30T12:20:12","date_gmt":"2020-10-30T11:20:12","guid":{"rendered":"https:\/\/gub.ccoo.cat\/?p=5897"},"modified":"2020-10-30T12:20:12","modified_gmt":"2020-10-30T11:20:12","slug":"volem-una-gratificacio-per-la-guardia-urbana-com-la-dels-directius-de-limss","status":"publish","type":"post","link":"https:\/\/ccoo.app\/ajuntamentbarcelona\/volem-una-gratificacio-per-la-guardia-urbana-com-la-dels-directius-de-limss\/","title":{"rendered":"VOLEM UNA GRATIFICACI\u00d3 PER LA GU\u00c0RDIA URBANA COM LA DELS DIRECTIUS DE L&#8217;IMSS"},"content":{"rendered":"<p><img loading=\"lazy\" decoding=\"async\" class=\"aligncenter wp-image-5898 size-full\" src=\"http:\/\/ccoo.app\/ajuntamentbarcelona\/wp-content\/blogs.dir\/6\/files\/sites\/228\/2020\/10\/GUARDIA-URBANA-BARCELONA-COVID.jpg\" alt=\"\" width=\"600\" height=\"482\"><\/p>\n<h2 style=\"text-align: center\"><b>SOL\u00b7LICITEM QUE ES FACI UNA GRATIFICACI\u00d3 ECON\u00d2MICA <\/b><\/h2>\n<h2 style=\"text-align: center\"><b>A TOT EL PERSONAL DE LA GU\u00c0RDIA URBANA DE BARCELONA.<br \/>\n<\/b><\/h2>\n<p>&nbsp;<\/p>\n<p>&#8220;Arran de les not\u00edcies de la gratificaci\u00f3 que l&#8217;Ajuntament ha donat als directius de l&#8217;IMSS, per motiu del treball efectuat durant la crisi del COVID19, de forma unilateral i sense comptar amb els sindicats, des de CCOO-GUB sol\u00b7licitem que es faci una gratificaci\u00f3 econ\u00f2mica a tot el personal GUB pel mateix motiu.&#8221;    \t<\/p>\n","protected":false},"excerpt":{"rendered":"<p>SOL\u00b7LICITEM QUE ES FACI UNA GRATIFICACI\u00d3 ECON\u00d2MICA A TOT EL PERSONAL DE LA GU\u00c0RDIA URBANA DE BARCELONA. &nbsp; &#8220;Arran de les not\u00edcies de la gratificaci\u00f3 que l&#8217;Ajuntament ha donat als &#8230; <\/p>\n<p class=\"read-more-container\"><a title=\"VOLEM UNA GRATIFICACI\u00d3 PER LA GU\u00c0RDIA URBANA COM LA DELS DIRECTIUS DE L&#8217;IMSS\" class=\"read-more button\" href=\"https:\/\/ccoo.app\/ajuntamentbarcelona\/volem-una-gratificacio-per-la-guardia-urbana-com-la-dels-directius-de-limss\/#more-10165\" aria-label=\"M\u00e9s informaci\u00f3 sobre VOLEM UNA GRATIFICACI\u00d3 PER LA GU\u00c0RDIA URBANA COM LA DELS DIRECTIUS DE L&#8217;IMSS\">Llegeix-ne m\u00e9s \u00bb<\/a><\/p>\n","protected":false},"author":97114,"featured_media":5898,"comment_status":"closed","ping_status":"open","sticky":false,"template":"","format":"standard","meta":{"footnotes":""},"categories":[324,303],"tags":[],"class_list":["post-10165","post","type-post","status-publish","format-standard","has-post-thumbnail","hentry","category-coronavirus","category-guardia-urbana","generate-columns","tablet-grid-50","mobile-grid-100","grid-parent","grid-33"],"_links":{"self":[{"href":"https:\/\/ccoo.app\/ajuntamentbarcelona\/wp-json\/wp\/v2\/posts\/10165","targetHints":{"allow":["GET"]}}],"collection":[{"href":"https:\/\/ccoo.app\/ajuntamentbarcelona\/wp-json\/wp\/v2\/posts"}],"about":[{"href":"https:\/\/ccoo.app\/ajuntamentbarcelona\/wp-json\/wp\/v2\/types\/post"}],"author":[{"embeddable":true,"href":"https:\/\/ccoo.app\/ajuntamentbarcelona\/wp-json\/wp\/v2\/users\/97114"}],"replies":[{"embeddable":true,"href":"https:\/\/ccoo.app\/ajuntamentbarcelona\/wp-json\/wp\/v2\/comments?post=10165"}],"version-history":[{"count":0,"href":"https:\/\/ccoo.app\/ajuntamentbarcelona\/wp-json\/wp\/v2\/posts\/10165\/revisions"}],"wp:featuredmedia":[{"embeddable":true,"href":"https:\/\/ccoo.app\/ajuntamentbarcelona\/wp-json\/wp\/v2\/media\/5898"}],"wp:attachment":[{"href":"https:\/\/ccoo.app\/ajuntamentbarcelona\/wp-json\/wp\/v2\/media?parent=10165"}],"wp:term":[{"taxonomy":"category","embeddable":true,"href":"https:\/\/ccoo.app\/ajuntamentbarcelona\/wp-json\/wp\/v2\/categories?post=10165"},{"taxonomy":"post_tag","embeddable":true,"href":"https:\/\/ccoo.app\/ajuntamentbarcelona\/wp-json\/wp\/v2\/tags?post=10165"}],"curies":[{"name":"wp","href":"https:\/\/api.w.org\/{rel}","templated":true}]}}