{"id":1013,"date":"2016-09-16T10:21:18","date_gmt":"2016-09-16T09:21:18","guid":{"rendered":"https:\/\/ccoo.app\/ajuntamentbarcelona\/?p=1013"},"modified":"2016-09-16T10:21:18","modified_gmt":"2016-09-16T09:21:18","slug":"preneu-nota-del-canvi-dubicacio-per-la-previsio-pluja-la-diada-del-treball-digne-dema-mataro","status":"publish","type":"post","link":"https:\/\/ccoo.app\/ajuntamentbarcelona\/preneu-nota-del-canvi-dubicacio-per-la-previsio-pluja-la-diada-del-treball-digne-dema-mataro\/","title":{"rendered":"PRENEU NOTA DEL CANVI D&#8217;UBICACI\u00d3, PER LA PREVISI\u00d3 DE PLUJA, DE LA DIADA DEL TREBALL DIGNE DE DEM\u00c0 A MATAR\u00d3"},"content":{"rendered":"<div>\n<div>IMPORTANT<\/div>\n<div><\/div>\n<div>DIADA TREBALL DIGNE DE DEM\u00c0 17\/09\/2016 A MATAR\u00d3 (CANVI DE LLOC!!)<\/div>\n<\/div>\n<div><\/div>\n<div>Us comuniquem que a causa de la previsi\u00f3 meteorol\u00f2gica prevista per dem\u00e0 dissabte, que \u00e9s de pluja, el lloc on es tenia previst fer la Diada del Treball Digne a Matar\u00f3 (Platja del Callao), s&#8217;ha de canviar i es far\u00e0 a l\u2019ESCOLA ENXANETA, Carrer Antoni Sol\u00eds , n\u00fam. 2, Matar\u00f3, molt a prop de l\u2019anterior empla\u00e7ament (Platja del Callao), a uns 300 metres de la mateixa creuant la N-II, cap a l\u2019interior de la ciutat.<\/div>\n<div><\/div>\n<div><img loading=\"lazy\" decoding=\"async\" class=\"wp-image-1014 aligncenter\" src=\"http:\/\/ccoo.app\/ajuntamentbarcelona\/wp-content\/blogs.dir\/6\/files\/sites\/228\/2016\/09\/mapa-escola-Anxaneta-258x300.jpg\" alt=\"mapa-escola-anxaneta\" width=\"538\" height=\"626\" srcset=\"https:\/\/ccoo.app\/ajuntamentbarcelona\/wp-content\/blogs.dir\/6\/files\/sites\/228\/2016\/09\/mapa-escola-Anxaneta-258x300.jpg 258w, https:\/\/ccoo.app\/ajuntamentbarcelona\/wp-content\/blogs.dir\/6\/files\/sites\/228\/2016\/09\/mapa-escola-Anxaneta.jpg 616w\" sizes=\"auto, (max-width: 538px) 100vw, 538px\" \/><\/div>\n<div><\/div>\n<div><\/div>\n<div><\/div>\n","protected":false},"excerpt":{"rendered":"<p>IMPORTANT DIADA TREBALL DIGNE DE DEM\u00c0 17\/09\/2016 A MATAR\u00d3 (CANVI DE LLOC!!) Us comuniquem que a causa de la previsi\u00f3 meteorol\u00f2gica prevista per dem\u00e0 dissabte, que \u00e9s de pluja, el &#8230; <\/p>\n<p class=\"read-more-container\"><a title=\"PRENEU NOTA DEL CANVI D&#8217;UBICACI\u00d3, PER LA PREVISI\u00d3 DE PLUJA, DE LA DIADA DEL TREBALL DIGNE DE DEM\u00c0 A MATAR\u00d3\" class=\"read-more button\" href=\"https:\/\/ccoo.app\/ajuntamentbarcelona\/preneu-nota-del-canvi-dubicacio-per-la-previsio-pluja-la-diada-del-treball-digne-dema-mataro\/#more-1013\" aria-label=\"M\u00e9s informaci\u00f3 sobre PRENEU NOTA DEL CANVI D&#8217;UBICACI\u00d3, PER LA PREVISI\u00d3 DE PLUJA, DE LA DIADA DEL TREBALL DIGNE DE DEM\u00c0 A MATAR\u00d3\">Llegeix-ne m\u00e9s \u00bb<\/a><\/p>\n","protected":false},"author":97112,"featured_media":1014,"comment_status":"open","ping_status":"open","sticky":false,"template":"","format":"standard","meta":{"footnotes":""},"categories":[304],"tags":[],"class_list":["post-1013","post","type-post","status-publish","format-standard","has-post-thumbnail","hentry","category-ajuntament","generate-columns","tablet-grid-50","mobile-grid-100","grid-parent","grid-33"],"_links":{"self":[{"href":"https:\/\/ccoo.app\/ajuntamentbarcelona\/wp-json\/wp\/v2\/posts\/1013","targetHints":{"allow":["GET"]}}],"collection":[{"href":"https:\/\/ccoo.app\/ajuntamentbarcelona\/wp-json\/wp\/v2\/posts"}],"about":[{"href":"https:\/\/ccoo.app\/ajuntamentbarcelona\/wp-json\/wp\/v2\/types\/post"}],"author":[{"embeddable":true,"href":"https:\/\/ccoo.app\/ajuntamentbarcelona\/wp-json\/wp\/v2\/users\/97112"}],"replies":[{"embeddable":true,"href":"https:\/\/ccoo.app\/ajuntamentbarcelona\/wp-json\/wp\/v2\/comments?post=1013"}],"version-history":[{"count":0,"href":"https:\/\/ccoo.app\/ajuntamentbarcelona\/wp-json\/wp\/v2\/posts\/1013\/revisions"}],"wp:featuredmedia":[{"embeddable":true,"href":"https:\/\/ccoo.app\/ajuntamentbarcelona\/wp-json\/wp\/v2\/media\/1014"}],"wp:attachment":[{"href":"https:\/\/ccoo.app\/ajuntamentbarcelona\/wp-json\/wp\/v2\/media?parent=1013"}],"wp:term":[{"taxonomy":"category","embeddable":true,"href":"https:\/\/ccoo.app\/ajuntamentbarcelona\/wp-json\/wp\/v2\/categories?post=1013"},{"taxonomy":"post_tag","embeddable":true,"href":"https:\/\/ccoo.app\/ajuntamentbarcelona\/wp-json\/wp\/v2\/tags?post=1013"}],"curies":[{"name":"wp","href":"https:\/\/api.w.org\/{rel}","templated":true}]}}