{"id":10117,"date":"2019-04-01T09:06:08","date_gmt":"2019-04-01T08:06:08","guid":{"rendered":"https:\/\/gub.ccoo.cat\/?p=4053"},"modified":"2019-04-01T09:06:08","modified_gmt":"2019-04-01T08:06:08","slug":"guia-basica-de-prevencio-de-riscos-laborals-en-la-policia-local-2","status":"publish","type":"post","link":"https:\/\/ccoo.app\/ajuntamentbarcelona\/guia-basica-de-prevencio-de-riscos-laborals-en-la-policia-local-2\/","title":{"rendered":"Guia b\u00e0sica de prevenci\u00f3 de riscos laborals en la policia local"},"content":{"rendered":"<p>&nbsp;<\/p>\n<p><a href=\"http:\/\/www.fsc.ccoo.es\/\/49e0e74b97af62a1eea5f6a123095645000050.pdf\" target=\"_blank\" rel=\"noopener noreferrer\"><img loading=\"lazy\" decoding=\"async\" class=\"size-full wp-image-4394 aligncenter\" src=\"http:\/\/ccoo.app\/ajuntamentbarcelona\/wp-content\/blogs.dir\/6\/files\/sites\/228\/2019\/08\/guia_basica_riesgos_laborales_ccoo-1.jpg\" alt=\"\" width=\"600\" height=\"300\" \/><\/a><\/p>\n<p>&nbsp;<\/p>\n<p>Aquesta guia \u00e9s un instrument viu, en el sentit que s&#8217;anir\u00e0 millorant amb aquells aspectes que fruit de les experi\u00e8ncies i dels debats col\u00b7lectius contribueixin a corregir-la i perfeccionar-la.<\/p>\n<p>Com tots saber-nos la salut en el treball \u00e9s un dret reconegut per la normativa internacional en Drets Humans i recollit de manera concreta en la nostra Carta Magna, amb un ampli desenvolupament normatiu, ens trobem per tant, amb un dret que no pot ni ha de ser negociat sin\u00f3 que cal implementar-ho en els diferents \u00e0mbits de treball, i \u00e9s per aix\u00f2 que el nostre treball es concret\u00e9s en aquest col\u00b7lectiu, per\u00a0la seva especificitat\u00a0i especial dificultat.<\/p>\n<p>Enfront del molt gastat argument de la inevitabilitat dels riscos en determinats treballs com el de les policies locals, des de\u00a0<span class=\"hiddenSpellError\">FSC<\/span>\u00a0CCOO, defensem que tots els riscos cal evitar-los i\u00a0si no\u00a0es poden evitar avaluar-los i despr\u00e9s planificar una activitat preventiva que permeti minimitzar el seu impacte, i per aix\u00f2 aquesta guia pret\u00e9n ser un instrument per als delegats i delegades sindicals i per al personal treballador de la policia local, que ens permeti con\u00e8ixer els nostres drets en salut laboral i per tant dotar-nos d&#8217;eines per a exercir-los.<\/p>\n<p><a href=\"http:\/\/www.fsc.ccoo.es\/\/49e0e74b97af62a1eea5f6a123095645000050.pdf\" target=\"_blank\" rel=\"noopener noreferrer\">Descarrega&#8217;t la guia.<\/a>    \t<\/p>\n","protected":false},"excerpt":{"rendered":"<p>Aquesta guia \u00e9s un instrument viu, en el sentit que s&#8217;anir\u00e0 millorant amb aquells aspectes que fruit de les experi\u00e8ncies i dels debats col\u00b7lectius contribueixin a corregir-la i perfeccionar-la.<\/p>\n","protected":false},"author":97114,"featured_media":4054,"comment_status":"open","ping_status":"open","sticky":false,"template":"","format":"standard","meta":{"footnotes":""},"categories":[303],"tags":[],"class_list":["post-10117","post","type-post","status-publish","format-standard","has-post-thumbnail","hentry","category-guardia-urbana","generate-columns","tablet-grid-50","mobile-grid-100","grid-parent","grid-33"],"_links":{"self":[{"href":"https:\/\/ccoo.app\/ajuntamentbarcelona\/wp-json\/wp\/v2\/posts\/10117","targetHints":{"allow":["GET"]}}],"collection":[{"href":"https:\/\/ccoo.app\/ajuntamentbarcelona\/wp-json\/wp\/v2\/posts"}],"about":[{"href":"https:\/\/ccoo.app\/ajuntamentbarcelona\/wp-json\/wp\/v2\/types\/post"}],"author":[{"embeddable":true,"href":"https:\/\/ccoo.app\/ajuntamentbarcelona\/wp-json\/wp\/v2\/users\/97114"}],"replies":[{"embeddable":true,"href":"https:\/\/ccoo.app\/ajuntamentbarcelona\/wp-json\/wp\/v2\/comments?post=10117"}],"version-history":[{"count":0,"href":"https:\/\/ccoo.app\/ajuntamentbarcelona\/wp-json\/wp\/v2\/posts\/10117\/revisions"}],"wp:featuredmedia":[{"embeddable":true,"href":"https:\/\/ccoo.app\/ajuntamentbarcelona\/wp-json\/wp\/v2\/media\/4054"}],"wp:attachment":[{"href":"https:\/\/ccoo.app\/ajuntamentbarcelona\/wp-json\/wp\/v2\/media?parent=10117"}],"wp:term":[{"taxonomy":"category","embeddable":true,"href":"https:\/\/ccoo.app\/ajuntamentbarcelona\/wp-json\/wp\/v2\/categories?post=10117"},{"taxonomy":"post_tag","embeddable":true,"href":"https:\/\/ccoo.app\/ajuntamentbarcelona\/wp-json\/wp\/v2\/tags?post=10117"}],"curies":[{"name":"wp","href":"https:\/\/api.w.org\/{rel}","templated":true}]}}