{"id":10105,"date":"2018-12-13T13:25:13","date_gmt":"2018-12-13T12:25:13","guid":{"rendered":"https:\/\/ccoo.app\/ajuntamentbarcelona\/?p=3555"},"modified":"2018-12-13T13:25:13","modified_gmt":"2018-12-13T12:25:13","slug":"acords-de-la-mesa-general-de-negociacio-sobre-oferta-publica-3","status":"publish","type":"post","link":"https:\/\/ccoo.app\/ajuntamentbarcelona\/acords-de-la-mesa-general-de-negociacio-sobre-oferta-publica-3\/","title":{"rendered":"300 noves places de Gu\u00e0rdia Urbana i 80 de Bombers."},"content":{"rendered":"<p><img loading=\"lazy\" decoding=\"async\" class=\"size-medium wp-image-3556 aligncenter\" src=\"http:\/\/ccoo.app\/ajuntamentbarcelona\/wp-content\/blogs.dir\/6\/files\/sites\/228\/2018\/12\/oferta_publica_300_agentes_gub_guardia_urbana-300x200.jpg\" alt=\"\" width=\"300\" height=\"200\" srcset=\"https:\/\/ccoo.app\/ajuntamentbarcelona\/wp-content\/blogs.dir\/6\/files\/sites\/228\/2018\/12\/oferta_publica_300_agentes_gub_guardia_urbana-300x200.jpg 300w, https:\/\/ccoo.app\/ajuntamentbarcelona\/wp-content\/blogs.dir\/6\/files\/sites\/228\/2018\/12\/oferta_publica_300_agentes_gub_guardia_urbana-1024x684.jpg 1024w, https:\/\/ccoo.app\/ajuntamentbarcelona\/wp-content\/blogs.dir\/6\/files\/sites\/228\/2018\/12\/oferta_publica_300_agentes_gub_guardia_urbana-768x513.jpg 768w, https:\/\/ccoo.app\/ajuntamentbarcelona\/wp-content\/blogs.dir\/6\/files\/sites\/228\/2018\/12\/oferta_publica_300_agentes_gub_guardia_urbana-1536x1025.jpg 1536w, https:\/\/ccoo.app\/ajuntamentbarcelona\/wp-content\/blogs.dir\/6\/files\/sites\/228\/2018\/12\/oferta_publica_300_agentes_gub_guardia_urbana.jpg 1600w\" sizes=\"auto, (max-width: 300px) 100vw, 300px\" \/><\/p>\n<p>&nbsp;<\/p>\n<p>CCOO, UGT i SAPOL, us informem que dimecres 12 de desembre en la Mesa General de Negociaci\u00f3, hem tractat l\u2019Oferta P\u00fablica:<\/p>\n<p><strong>S\u2019han aprovat les places d\u2019Oferta P\u00fablica per aquest any 2018<\/strong>, segons els Pressupostos Generals de 2018, <strong>a m\u00e9s<\/strong> de la taxa ordin\u00e0ria de reposici\u00f3 de les jubilacions, <strong>s\u2019han incl\u00f2s<\/strong> les places de naturalesa estructural que, estant dotades pressupost\u00e0riament, hagin estat ocupades de forma temporal i ininterrompudament almenys en els tres anys anteriors a 31 de desembre de 2017.<\/p>\n<p>&nbsp;<\/p>\n<p><strong>300 places de Gu\u00e0rdia Urbana i 80 de Bombers.<\/strong><\/p>\n<p>Despr\u00e9s de les reiterades peticions per part dels sindicats s\u2019ha aconseguit una <strong>oferta condicionada a la jubilaci\u00f3 anticipada<\/strong> del personal de la GUB, de 300 places (20% interadministratives, a gener de 2020).<\/p>\n<p>I una oferta de 80 efectius de SPEIS.<\/p>\n<p>&nbsp;<\/p>\n<p>La setmana que ve estarem treballant intensament l\u2019acord base de valoraci\u00f3 de m\u00e8rits, el temari espec\u00edfic de cada categoria i el calendari de les convocat\u00f2ries, per intentar tirar endavant els processos.    \t<\/p>\n","protected":false},"excerpt":{"rendered":"<p>CCOO, UGT i SAPOL, us informem que dimecres 12 de desembre en la Mesa General de Negociaci\u00f3, hem tractat l\u2019Oferta P\u00fablica.<\/p>\n","protected":false},"author":97114,"featured_media":9944,"comment_status":"closed","ping_status":"closed","sticky":false,"template":"","format":"standard","meta":{"footnotes":""},"categories":[303],"tags":[],"class_list":["post-10105","post","type-post","status-publish","format-standard","has-post-thumbnail","hentry","category-guardia-urbana","generate-columns","tablet-grid-50","mobile-grid-100","grid-parent","grid-33"],"_links":{"self":[{"href":"https:\/\/ccoo.app\/ajuntamentbarcelona\/wp-json\/wp\/v2\/posts\/10105","targetHints":{"allow":["GET"]}}],"collection":[{"href":"https:\/\/ccoo.app\/ajuntamentbarcelona\/wp-json\/wp\/v2\/posts"}],"about":[{"href":"https:\/\/ccoo.app\/ajuntamentbarcelona\/wp-json\/wp\/v2\/types\/post"}],"author":[{"embeddable":true,"href":"https:\/\/ccoo.app\/ajuntamentbarcelona\/wp-json\/wp\/v2\/users\/97114"}],"replies":[{"embeddable":true,"href":"https:\/\/ccoo.app\/ajuntamentbarcelona\/wp-json\/wp\/v2\/comments?post=10105"}],"version-history":[{"count":0,"href":"https:\/\/ccoo.app\/ajuntamentbarcelona\/wp-json\/wp\/v2\/posts\/10105\/revisions"}],"wp:featuredmedia":[{"embeddable":true,"href":"https:\/\/ccoo.app\/ajuntamentbarcelona\/wp-json\/wp\/v2\/media\/9944"}],"wp:attachment":[{"href":"https:\/\/ccoo.app\/ajuntamentbarcelona\/wp-json\/wp\/v2\/media?parent=10105"}],"wp:term":[{"taxonomy":"category","embeddable":true,"href":"https:\/\/ccoo.app\/ajuntamentbarcelona\/wp-json\/wp\/v2\/categories?post=10105"},{"taxonomy":"post_tag","embeddable":true,"href":"https:\/\/ccoo.app\/ajuntamentbarcelona\/wp-json\/wp\/v2\/tags?post=10105"}],"curies":[{"name":"wp","href":"https:\/\/api.w.org\/{rel}","templated":true}]}}