{"id":1010,"date":"2016-09-15T13:04:46","date_gmt":"2016-09-15T12:04:46","guid":{"rendered":"https:\/\/ccoo.app\/ajuntamentbarcelona\/?p=1010"},"modified":"2016-09-15T13:04:46","modified_gmt":"2016-09-15T12:04:46","slug":"los-piad-sara-servicios-publicos-esenciales-pasan-gestion-municipal","status":"publish","type":"post","link":"https:\/\/ccoo.app\/ajuntamentbarcelona\/los-piad-sara-servicios-publicos-esenciales-pasan-gestion-municipal\/","title":{"rendered":"Los PIAD y el SARA, servicios p\u00fablicos esenciales que pasan a ser de gesti\u00f3n municipal"},"content":{"rendered":"<p><img loading=\"lazy\" decoding=\"async\" class=\"size-medium wp-image-1011 alignleft\" src=\"http:\/\/ccoo.app\/ajuntamentbarcelona\/wp-content\/blogs.dir\/6\/files\/sites\/228\/2016\/09\/piads-300x111.jpg\" alt=\"piads\" width=\"300\" height=\"111\" srcset=\"https:\/\/ccoo.app\/ajuntamentbarcelona\/wp-content\/blogs.dir\/6\/files\/sites\/228\/2016\/09\/piads-300x111.jpg 300w, https:\/\/ccoo.app\/ajuntamentbarcelona\/wp-content\/blogs.dir\/6\/files\/sites\/228\/2016\/09\/piads-1024x380.jpg 1024w, https:\/\/ccoo.app\/ajuntamentbarcelona\/wp-content\/blogs.dir\/6\/files\/sites\/228\/2016\/09\/piads-768x285.jpg 768w, https:\/\/ccoo.app\/ajuntamentbarcelona\/wp-content\/blogs.dir\/6\/files\/sites\/228\/2016\/09\/piads.jpg 1200w\" sizes=\"auto, (max-width: 300px) 100vw, 300px\" \/><a href=\"http:\/\/www.elperiodico.com\/es\/noticias\/mas-barcelona\/los-piad-sara-servicios-publicos-esenciales-que-pasan-ser-gestion-municipal-5376006\">elperiodico.com<\/a><\/p>\n<p>El <strong>Ayuntamiento<\/strong> de<strong>Barcelona<\/strong> ha declarado<strong>servicios<\/strong> <strong>p\u00fablicos<\/strong><strong>esenciales<\/strong> los <strong>puntos<\/strong>de <strong>informaci\u00f3n<\/strong> y<strong>atenci\u00f3n<\/strong> a las <strong>mujeres<\/strong>(PIAD) y el <strong>Servicio<\/strong> de <strong>Atenci\u00f3n<\/strong>, <strong>Recuperaci\u00f3n<\/strong> y <strong>Acogida<\/strong>(SARA), y ha puesto en marcha el mecanismo para convertirlos en servicios gestionados directamente por el consistorio.<\/p>\n<p>La declaraci\u00f3n de servicios esenciales era el paso previo para convertir los <strong><a href=\"http:\/\/ajuntament.barcelona.cat\/dones\/ca\/canal\/informacio-piads\">PIAD<\/a><\/strong> y el <strong><a href=\"http:\/\/ajuntament.barcelona.cat\/dones\/ca\/canal\/serveis-datencio-recuperacio-i-acollida-sara\">SARA<\/a><\/strong> en servicios de gesti\u00f3n municipal directa, hasta ahora externalizados.<\/p>\n<p>En octubre habr\u00e1 terminado este proceso, que incluye <strong>internalizar a las 55 personas que trabajan <\/strong>en ambos\u00a0servicios; concretamente, se subrogar\u00e1 a las 21 personas\u00a0que trabajan con contratos indefinidos en los 11 PIAD de la ciudad, y a las 34 personas del SARA.<\/p>\n<p>La concejala de <a href=\"http:\/\/ajuntament.barcelona.cat\/dones\/ca\"><strong>Feminismos y LGTB<\/strong>I<\/a>, Laura P\u00e9rez, ha explicado\u00a0que la municipalizaci\u00f3n de estos servicios es una noticia muy buena, porque <strong>\u201cson <\/strong>la<strong> puerta <\/strong>de<strong> entrada <\/strong>de las<strong> mujeres <\/strong>de la<strong> ciudad, <\/strong>ya que<strong> garantizan <\/strong>los<strong> derechos <\/strong>a una<strong> vida libre <\/strong>de<strong>violencia\u201d<\/strong>.<\/p>\n<p><strong>PIAD Y SARA, AL SERVICIO DE LAS MUJERES<\/strong><\/p>\n<p>Los dos servicios dependen de la <a href=\"http:\/\/ajuntament.barcelona.cat\/dones\/ca\"><strong>Concejal\u00eda de Feminismos y LGTBI<\/strong><\/a> y est\u00e1n dedicados a la atenci\u00f3n a las mujeres.<\/p>\n<p>Los once puntos de informaci\u00f3n y atenci\u00f3n a las mujeres (PIAD) atienden las diferentes demandas de informaci\u00f3n sobre recursos, espacios de participaci\u00f3n o asociacionismo que son de inter\u00e9s para las mujeres, as\u00ed como las consultas sobre discriminaci\u00f3n o violencia machista.<\/p>\n<p>El Servicio de Atenci\u00f3n, Recuperaci\u00f3n y Acogida (SARA) es un servicio ambulatorio que, de manera especializada, atiende a personas que han sufrido violencia contra las mujeres y proporciona asesoramiento a profesionales y personas del entorno de las v\u00edctimas.<\/p>\n","protected":false},"excerpt":{"rendered":"<p>elperiodico.com El Ayuntamiento deBarcelona ha declaradoservicios p\u00fablicosesenciales los puntosde informaci\u00f3n yatenci\u00f3n a las mujeres(PIAD) y el Servicio de Atenci\u00f3n, Recuperaci\u00f3n y Acogida(SARA), y ha puesto en marcha el mecanismo para &#8230; <\/p>\n<p class=\"read-more-container\"><a title=\"Los PIAD y el SARA, servicios p\u00fablicos esenciales que pasan a ser de gesti\u00f3n municipal\" class=\"read-more button\" href=\"https:\/\/ccoo.app\/ajuntamentbarcelona\/los-piad-sara-servicios-publicos-esenciales-pasan-gestion-municipal\/#more-1010\" aria-label=\"M\u00e9s informaci\u00f3 sobre Los PIAD y el SARA, servicios p\u00fablicos esenciales que pasan a ser de gesti\u00f3n municipal\">Llegeix-ne m\u00e9s \u00bb<\/a><\/p>\n","protected":false},"author":97112,"featured_media":1011,"comment_status":"open","ping_status":"open","sticky":false,"template":"","format":"standard","meta":{"footnotes":""},"categories":[304],"tags":[],"class_list":["post-1010","post","type-post","status-publish","format-standard","has-post-thumbnail","hentry","category-ajuntament","generate-columns","tablet-grid-50","mobile-grid-100","grid-parent","grid-33"],"_links":{"self":[{"href":"https:\/\/ccoo.app\/ajuntamentbarcelona\/wp-json\/wp\/v2\/posts\/1010","targetHints":{"allow":["GET"]}}],"collection":[{"href":"https:\/\/ccoo.app\/ajuntamentbarcelona\/wp-json\/wp\/v2\/posts"}],"about":[{"href":"https:\/\/ccoo.app\/ajuntamentbarcelona\/wp-json\/wp\/v2\/types\/post"}],"author":[{"embeddable":true,"href":"https:\/\/ccoo.app\/ajuntamentbarcelona\/wp-json\/wp\/v2\/users\/97112"}],"replies":[{"embeddable":true,"href":"https:\/\/ccoo.app\/ajuntamentbarcelona\/wp-json\/wp\/v2\/comments?post=1010"}],"version-history":[{"count":0,"href":"https:\/\/ccoo.app\/ajuntamentbarcelona\/wp-json\/wp\/v2\/posts\/1010\/revisions"}],"wp:featuredmedia":[{"embeddable":true,"href":"https:\/\/ccoo.app\/ajuntamentbarcelona\/wp-json\/wp\/v2\/media\/1011"}],"wp:attachment":[{"href":"https:\/\/ccoo.app\/ajuntamentbarcelona\/wp-json\/wp\/v2\/media?parent=1010"}],"wp:term":[{"taxonomy":"category","embeddable":true,"href":"https:\/\/ccoo.app\/ajuntamentbarcelona\/wp-json\/wp\/v2\/categories?post=1010"},{"taxonomy":"post_tag","embeddable":true,"href":"https:\/\/ccoo.app\/ajuntamentbarcelona\/wp-json\/wp\/v2\/tags?post=1010"}],"curies":[{"name":"wp","href":"https:\/\/api.w.org\/{rel}","templated":true}]}}