{"id":1004,"date":"2016-09-12T11:29:12","date_gmt":"2016-09-12T10:29:12","guid":{"rendered":"https:\/\/ccoo.app\/ajuntamentbarcelona\/?p=1004"},"modified":"2016-09-12T11:29:12","modified_gmt":"2016-09-12T10:29:12","slug":"programa-sindical-ccoo-emes-ahir-la-nit","status":"publish","type":"post","link":"https:\/\/ccoo.app\/ajuntamentbarcelona\/programa-sindical-ccoo-emes-ahir-la-nit\/","title":{"rendered":"PROGRAMA SINDICAL DE CCOO EM\u00c8S AHIR A LA NIT"},"content":{"rendered":"<p><img loading=\"lazy\" decoding=\"async\" class=\"size-full wp-image-1005 alignleft\" src=\"http:\/\/ccoo.app\/ajuntamentbarcelona\/wp-content\/blogs.dir\/6\/files\/sites\/228\/2016\/09\/PROGRAMA_TV3_CCOO.jpg\" alt=\"programa_tv3_ccoo\" width=\"200\" height=\"112\" \/><\/p>\n<p>Ahir es va emetre el programa sindical de CCOO relatiu a les condicions laborals del personal amb discapacitat i les discriminacions que pateixen en les contractes realitzades per les administracions locals, el cas concret de parcs i jardins de l&#8217;Ajuntament de Barcelona.<\/p>\n<p><a href=\"http:\/\/www.ccma.cat\/tv3\/alacarta\/programa-sindical-cc-oo-\/persones-amb-discapacitat-i-discriminacio\/video\/5618602\/\">Cliqueu per veure el programa<\/a><\/p>\n","protected":false},"excerpt":{"rendered":"<p>Ahir es va emetre el programa sindical de CCOO relatiu a les condicions laborals del personal amb discapacitat i les discriminacions que pateixen en les contractes realitzades per les administracions &#8230; <\/p>\n<p class=\"read-more-container\"><a title=\"PROGRAMA SINDICAL DE CCOO EM\u00c8S AHIR A LA NIT\" class=\"read-more button\" href=\"https:\/\/ccoo.app\/ajuntamentbarcelona\/programa-sindical-ccoo-emes-ahir-la-nit\/#more-1004\" aria-label=\"M\u00e9s informaci\u00f3 sobre PROGRAMA SINDICAL DE CCOO EM\u00c8S AHIR A LA NIT\">Llegeix-ne m\u00e9s \u00bb<\/a><\/p>\n","protected":false},"author":97112,"featured_media":1005,"comment_status":"open","ping_status":"open","sticky":false,"template":"","format":"standard","meta":{"footnotes":""},"categories":[304],"tags":[],"class_list":["post-1004","post","type-post","status-publish","format-standard","has-post-thumbnail","hentry","category-ajuntament","generate-columns","tablet-grid-50","mobile-grid-100","grid-parent","grid-33"],"_links":{"self":[{"href":"https:\/\/ccoo.app\/ajuntamentbarcelona\/wp-json\/wp\/v2\/posts\/1004","targetHints":{"allow":["GET"]}}],"collection":[{"href":"https:\/\/ccoo.app\/ajuntamentbarcelona\/wp-json\/wp\/v2\/posts"}],"about":[{"href":"https:\/\/ccoo.app\/ajuntamentbarcelona\/wp-json\/wp\/v2\/types\/post"}],"author":[{"embeddable":true,"href":"https:\/\/ccoo.app\/ajuntamentbarcelona\/wp-json\/wp\/v2\/users\/97112"}],"replies":[{"embeddable":true,"href":"https:\/\/ccoo.app\/ajuntamentbarcelona\/wp-json\/wp\/v2\/comments?post=1004"}],"version-history":[{"count":0,"href":"https:\/\/ccoo.app\/ajuntamentbarcelona\/wp-json\/wp\/v2\/posts\/1004\/revisions"}],"wp:featuredmedia":[{"embeddable":true,"href":"https:\/\/ccoo.app\/ajuntamentbarcelona\/wp-json\/wp\/v2\/media\/1005"}],"wp:attachment":[{"href":"https:\/\/ccoo.app\/ajuntamentbarcelona\/wp-json\/wp\/v2\/media?parent=1004"}],"wp:term":[{"taxonomy":"category","embeddable":true,"href":"https:\/\/ccoo.app\/ajuntamentbarcelona\/wp-json\/wp\/v2\/categories?post=1004"},{"taxonomy":"post_tag","embeddable":true,"href":"https:\/\/ccoo.app\/ajuntamentbarcelona\/wp-json\/wp\/v2\/tags?post=1004"}],"curies":[{"name":"wp","href":"https:\/\/api.w.org\/{rel}","templated":true}]}}