{"id":3213,"date":"2024-10-14T09:45:55","date_gmt":"2024-10-14T07:45:55","guid":{"rendered":"https:\/\/ccoo.app\/ajuntament-santa-coloma-de-gramanet\/?p=3213"},"modified":"2024-10-14T09:45:56","modified_gmt":"2024-10-14T07:45:56","slug":"recopilacio-i-actualitzacio-dels-permisos","status":"publish","type":"post","link":"https:\/\/ccoo.app\/ajuntament-santa-coloma-de-gramanet\/recopilacio-i-actualitzacio-dels-permisos\/","title":{"rendered":"RECOPILACI\u00d3 I ACTUALITZACI\u00d3 DELS PERMISOS"},"content":{"rendered":"\n<p>Davant els continus canvis en la normativa de permisos per a les empleades i els empleats p\u00fablics se\u2019ns crea sempre un mar de dubtes de quins permisos tenim, quants dies, conceptes i raons&#8230;<\/p>\n\n\n\n<p>La&nbsp;<strong>secci\u00f3 sindical de CCOO<\/strong>&nbsp;ha realitzat aquesta&nbsp;<strong>recopilaci\u00f3 i actualitzaci\u00f3&nbsp;<\/strong>de la informaci\u00f3 sobre els permisos amb la intenci\u00f3 de poder ajudar-vos a l\u2019hora de sol\u00b7licitar-los.<\/p>\n\n\n\n<p>Heu de tenir en compte que hem intentat fer un&nbsp;<strong>resum de la informaci\u00f3<\/strong>&nbsp;i, pot ser, hi ha informaci\u00f3 que trobeu a faltar. Si \u00e9s el cas, no dubteu en posar-vos en contacte amb nosaltres. A m\u00e9s, us demanem que si trobeu alguna errada, ens la comuniqueu per poder rectificar el m\u00e9s aviat possible.<\/p>\n\n\n\n<p>La documentaci\u00f3 que trobareu adjunta \u00e9s la seg\u00fcent:<\/p>\n\n\n\n<ul class=\"wp-block-list\">\n<li>Infografia-graus. Quadre indicatiu dels graus de consanguinitat i afinitat.<\/li>\n\n\n\n<li>Infografia-nous-permisos. Nous permisos i drets de conciliaci\u00f3. Compte! \u00c9s un resum no exhaustiu del RD Llei 5\/2023, de 28 de juny.<\/li>\n\n\n\n<li>Infografia-permisos1\u00a0\/\u00a0Infografia-permisos2\u00a0\/\u00a0Infografia-permisos3. Actualitzaci\u00f3 dels permisos i drets de conciliaci\u00f3 recollits al conveni\/acord de condicions dels empleats i empleades p\u00fabliques de l\u2019Ajuntament.<\/li>\n\n\n\n<li>Nouspermisos2023. Presentaci\u00f3 PowerPoint que recull tota la informaci\u00f3 anterior.<\/li>\n<\/ul>\n\n\n\n<p>Per qualsevol dubte ens teniu al correu&nbsp;<a href=\"mailto:seccioccoo@gramenet.cat\">seccioccoo@gramenet.cat<\/a>&nbsp;o a l\u2019extensi\u00f3 2735.<\/p>\n\n\n\n<figure class=\"wp-block-image size-full\"><img loading=\"lazy\" decoding=\"async\" width=\"897\" height=\"777\" src=\"https:\/\/ccoo.app\/ajuntament-santa-coloma-de-gramanet\/wp-content\/blogs.dir\/6\/files\/sites\/179\/2024\/10\/infografia-graus.jpg\" alt=\"\" class=\"wp-image-3214\" srcset=\"https:\/\/ccoo.app\/ajuntament-santa-coloma-de-gramanet\/wp-content\/blogs.dir\/6\/files\/sites\/179\/2024\/10\/infografia-graus.jpg 897w, https:\/\/ccoo.app\/ajuntament-santa-coloma-de-gramanet\/wp-content\/blogs.dir\/6\/files\/sites\/179\/2024\/10\/infografia-graus-300x260.jpg 300w, https:\/\/ccoo.app\/ajuntament-santa-coloma-de-gramanet\/wp-content\/blogs.dir\/6\/files\/sites\/179\/2024\/10\/infografia-graus-768x665.jpg 768w\" sizes=\"auto, (max-width: 897px) 100vw, 897px\" \/><\/figure>\n\n\n\n<figure class=\"wp-block-image size-full\"><img loading=\"lazy\" decoding=\"async\" width=\"911\" height=\"892\" src=\"https:\/\/ccoo.app\/ajuntament-santa-coloma-de-gramanet\/wp-content\/blogs.dir\/6\/files\/sites\/179\/2024\/10\/infografia-nous-permisos.jpg\" alt=\"\" class=\"wp-image-3215\" srcset=\"https:\/\/ccoo.app\/ajuntament-santa-coloma-de-gramanet\/wp-content\/blogs.dir\/6\/files\/sites\/179\/2024\/10\/infografia-nous-permisos.jpg 911w, https:\/\/ccoo.app\/ajuntament-santa-coloma-de-gramanet\/wp-content\/blogs.dir\/6\/files\/sites\/179\/2024\/10\/infografia-nous-permisos-300x294.jpg 300w, https:\/\/ccoo.app\/ajuntament-santa-coloma-de-gramanet\/wp-content\/blogs.dir\/6\/files\/sites\/179\/2024\/10\/infografia-nous-permisos-768x752.jpg 768w\" sizes=\"auto, (max-width: 911px) 100vw, 911px\" \/><\/figure>\n\n\n\n<figure class=\"wp-block-image size-full\"><img loading=\"lazy\" decoding=\"async\" width=\"891\" height=\"887\" src=\"https:\/\/ccoo.app\/ajuntament-santa-coloma-de-gramanet\/wp-content\/blogs.dir\/6\/files\/sites\/179\/2024\/10\/infografia-permisos1.jpg\" alt=\"\" class=\"wp-image-3216\" srcset=\"https:\/\/ccoo.app\/ajuntament-santa-coloma-de-gramanet\/wp-content\/blogs.dir\/6\/files\/sites\/179\/2024\/10\/infografia-permisos1.jpg 891w, https:\/\/ccoo.app\/ajuntament-santa-coloma-de-gramanet\/wp-content\/blogs.dir\/6\/files\/sites\/179\/2024\/10\/infografia-permisos1-300x300.jpg 300w, https:\/\/ccoo.app\/ajuntament-santa-coloma-de-gramanet\/wp-content\/blogs.dir\/6\/files\/sites\/179\/2024\/10\/infografia-permisos1-150x150.jpg 150w, https:\/\/ccoo.app\/ajuntament-santa-coloma-de-gramanet\/wp-content\/blogs.dir\/6\/files\/sites\/179\/2024\/10\/infografia-permisos1-768x765.jpg 768w\" sizes=\"auto, (max-width: 891px) 100vw, 891px\" \/><\/figure>\n\n\n\n<figure class=\"wp-block-image size-full\"><img loading=\"lazy\" decoding=\"async\" width=\"898\" height=\"881\" src=\"https:\/\/ccoo.app\/ajuntament-santa-coloma-de-gramanet\/wp-content\/blogs.dir\/6\/files\/sites\/179\/2024\/10\/infografia-permisos2.jpeg\" alt=\"\" class=\"wp-image-3217\" srcset=\"https:\/\/ccoo.app\/ajuntament-santa-coloma-de-gramanet\/wp-content\/blogs.dir\/6\/files\/sites\/179\/2024\/10\/infografia-permisos2.jpeg 898w, https:\/\/ccoo.app\/ajuntament-santa-coloma-de-gramanet\/wp-content\/blogs.dir\/6\/files\/sites\/179\/2024\/10\/infografia-permisos2-300x294.jpeg 300w, https:\/\/ccoo.app\/ajuntament-santa-coloma-de-gramanet\/wp-content\/blogs.dir\/6\/files\/sites\/179\/2024\/10\/infografia-permisos2-768x753.jpeg 768w\" sizes=\"auto, (max-width: 898px) 100vw, 898px\" \/><\/figure>\n\n\n\n<figure class=\"wp-block-image size-full\"><img loading=\"lazy\" decoding=\"async\" width=\"890\" height=\"874\" src=\"https:\/\/ccoo.app\/ajuntament-santa-coloma-de-gramanet\/wp-content\/blogs.dir\/6\/files\/sites\/179\/2024\/10\/infografia-permisos3.jpg\" alt=\"\" class=\"wp-image-3218\" srcset=\"https:\/\/ccoo.app\/ajuntament-santa-coloma-de-gramanet\/wp-content\/blogs.dir\/6\/files\/sites\/179\/2024\/10\/infografia-permisos3.jpg 890w, https:\/\/ccoo.app\/ajuntament-santa-coloma-de-gramanet\/wp-content\/blogs.dir\/6\/files\/sites\/179\/2024\/10\/infografia-permisos3-300x295.jpg 300w, https:\/\/ccoo.app\/ajuntament-santa-coloma-de-gramanet\/wp-content\/blogs.dir\/6\/files\/sites\/179\/2024\/10\/infografia-permisos3-768x754.jpg 768w\" sizes=\"auto, (max-width: 890px) 100vw, 890px\" \/><\/figure>\n","protected":false},"excerpt":{"rendered":"<p>Davant els continus canvis en la normativa de permisos per &#8230; <a title=\"RECOPILACI\u00d3 I ACTUALITZACI\u00d3 DELS PERMISOS\" class=\"read-more\" href=\"https:\/\/ccoo.app\/ajuntament-santa-coloma-de-gramanet\/recopilacio-i-actualitzacio-dels-permisos\/\" aria-label=\"Leer m\u00e1s sobre RECOPILACI\u00d3 I ACTUALITZACI\u00d3 DELS PERMISOS\">Leer m\u00e1s<\/a><\/p>\n","protected":false},"author":86965,"featured_media":3219,"comment_status":"closed","ping_status":"closed","sticky":false,"template":"","format":"standard","meta":{"footnotes":""},"categories":[15,14,3],"tags":[231,230],"class_list":["post-3213","post","type-post","status-publish","format-standard","has-post-thumbnail","hentry","category-acords-i-convenis","category-actualitat","category-noticias","tag-conciliacion","tag-permisos","generate-columns","tablet-grid-50","mobile-grid-100","grid-parent","grid-33"],"_links":{"self":[{"href":"https:\/\/ccoo.app\/ajuntament-santa-coloma-de-gramanet\/wp-json\/wp\/v2\/posts\/3213","targetHints":{"allow":["GET"]}}],"collection":[{"href":"https:\/\/ccoo.app\/ajuntament-santa-coloma-de-gramanet\/wp-json\/wp\/v2\/posts"}],"about":[{"href":"https:\/\/ccoo.app\/ajuntament-santa-coloma-de-gramanet\/wp-json\/wp\/v2\/types\/post"}],"author":[{"embeddable":true,"href":"https:\/\/ccoo.app\/ajuntament-santa-coloma-de-gramanet\/wp-json\/wp\/v2\/users\/86965"}],"replies":[{"embeddable":true,"href":"https:\/\/ccoo.app\/ajuntament-santa-coloma-de-gramanet\/wp-json\/wp\/v2\/comments?post=3213"}],"version-history":[{"count":1,"href":"https:\/\/ccoo.app\/ajuntament-santa-coloma-de-gramanet\/wp-json\/wp\/v2\/posts\/3213\/revisions"}],"predecessor-version":[{"id":3220,"href":"https:\/\/ccoo.app\/ajuntament-santa-coloma-de-gramanet\/wp-json\/wp\/v2\/posts\/3213\/revisions\/3220"}],"wp:featuredmedia":[{"embeddable":true,"href":"https:\/\/ccoo.app\/ajuntament-santa-coloma-de-gramanet\/wp-json\/wp\/v2\/media\/3219"}],"wp:attachment":[{"href":"https:\/\/ccoo.app\/ajuntament-santa-coloma-de-gramanet\/wp-json\/wp\/v2\/media?parent=3213"}],"wp:term":[{"taxonomy":"category","embeddable":true,"href":"https:\/\/ccoo.app\/ajuntament-santa-coloma-de-gramanet\/wp-json\/wp\/v2\/categories?post=3213"},{"taxonomy":"post_tag","embeddable":true,"href":"https:\/\/ccoo.app\/ajuntament-santa-coloma-de-gramanet\/wp-json\/wp\/v2\/tags?post=3213"}],"curies":[{"name":"wp","href":"https:\/\/api.w.org\/{rel}","templated":true}]}}