{"id":2911,"date":"2021-06-20T12:18:16","date_gmt":"2021-06-20T10:18:16","guid":{"rendered":"https:\/\/ccoo.app\/ajuntament-santa-coloma-de-gramanet\/?p=2911"},"modified":"2022-06-29T11:07:15","modified_gmt":"2022-06-29T09:07:15","slug":"vacances-anuals-2021","status":"publish","type":"post","link":"https:\/\/ccoo.app\/ajuntament-santa-coloma-de-gramanet\/vacances-anuals-2021\/","title":{"rendered":"Vacances anuals 2021"},"content":{"rendered":"\n<div class=\"wp-block-group is-vertical is-layout-flex wp-container-core-group-is-layout-8cf370e7 wp-block-group-is-layout-flex\">\n<p><strong>Article 5.2 del conveni Col\u00b7lectiu.<\/strong><\/p>\n\n\n\n<p><strong>A<\/strong><strong> partir del dia 26 d\u2019abril i fins el 7 de maig es po<\/strong><strong>den demanar les vacances anuals d&#8217;estiu.<\/strong><\/p>\n\n\n\n<p><strong>QUANTS :<\/strong><\/p>\n\n\n\n<p>S\u2019estableix un mes natural o 22 dies laborals retribu\u00efts de vacances anuals.<\/p>\n\n\n\n<p>El per\u00edode de generaci\u00f3 \u00e9s de l&#8217;1 de setembre al 31 d&#8217;agost.<\/p>\n\n\n\n<p>Contractacions o incorporacions posteriors al 1 de setembre generen els dies proporcionals.<\/p>\n\n\n\n<p>Les situacions administratives d&#8217;exced\u00e8ncia o llic\u00e8ncia per assumptes propis resta els dies proporcionals.<\/p>\n\n\n\n<p><strong>QUAN:<\/strong><\/p>\n\n\n\n<p>Es gaudiran, amb car\u00e0cter general i sempre que es garanteixi la prestaci\u00f3 de serveis indispensables, durant els mesos de juliol i agost. No obstant aix\u00f2, es podr\u00e0 sol\u00b7licitar gaudir-les en mesos diferents, sempre que la planificaci\u00f3 anual de les vacances de cada servei ho permeti.<\/p>\n\n\n\n<p>D&#8217;aquest 22dies, 17 d&#8217;ells s&#8217;hauran de gaudir en per\u00edodes no inferiors a 5 dies laborals.<\/p>\n\n\n\n<p>Es podr\u00e0 autoritzar el gaudiment de manera fraccionada d\u2019acord amb les necessitats del servei de 5 dels 22 dies de vacances anuals o la part proporcional que correspongui quan el temps realment treballat sigui inferior a l\u2019any-&nbsp;aquesta sol\u00b7licitud s\u2019ha de fer mitjan\u00e7ant&nbsp;<em>el tr\u00e0mit de&nbsp;<\/em><em><strong>vacances fraccionades. \u00fanicament heu de fer servir aquest tr\u00e0mit en aquest cas, quan sol\u00b7liciteu \u201cd\u00edas sueltos\u201d a c\u00e0rrec de vacances.<\/strong><\/em><\/p>\n\n\n\n<p>Els dissabtes no es considerar\u00e0 dia h\u00e0bil.<\/p>\n\n\n\n<p>En cap cas es podran ajornar per a l\u2019any seg\u00fcent, excepte per maternitat o situaci\u00f3 d\u2019incapacitat temporal que no hagi fet possible gaudir-les al llarg de l\u2019any.<\/p>\n\n\n\n<p>Per tal de garantir l\u2019adequada prestaci\u00f3 de serveis sense que els per\u00edodes vacacionals suposin cap minva en els terminis o la qualitat d\u2019aquests, a l\u2019hora de planificar i confeccionar el quadre de vacances, \u00e9s imprescindible combinar les vacances de les diferents persones per tal que sempre hi hagi algun responsable i el personal suficient<\/p>\n\n\n\n<p><strong>C<\/strong><strong>OM:<\/strong><\/p>\n\n\n\n<p><em>L\u2019empleat sol\u00b7licitar\u00e0 mitjan\u00e7ant la intranet les vacances anuals<\/em><\/p>\n\n\n\n<p><em>S\u2019ha de transmetre mitjan\u00e7ant pse el quadrant de les vacances al servei d\u2019atenci\u00f3 a l\u2019empleat per tal que es faci una confirmaci\u00f3 individual a cada empleat<\/em><\/p>\n\n\n\n<p><em>Per motius t\u00e8cnics la modificaci\u00f3\/anul\u00b7laci\u00f3 de les dates de vacances no es podr\u00e0 sol\u00b7licitar abans de rebre l\u2019escrit de confirmaci\u00f3 per part de recursos humans de la sol\u00b7licitud inicial de vacances. aquest tr\u00e0mit es realitzar\u00e0 mitjan\u00e7ant la intranet.<\/em><\/p>\n\n\n\n<p><em>Les persones que es troben en situaci\u00f3 de baixa m\u00e8dica per accident o malaltia igualment haurien de sol\u00b7licitar el per\u00edode de vacances al seu servei.<\/em><\/p>\n<\/div>\n","protected":false},"excerpt":{"rendered":"<p>Article 5.2 del conveni Col\u00b7lectiu. A partir del dia 26 &#8230; <a title=\"Vacances anuals 2021\" class=\"read-more\" href=\"https:\/\/ccoo.app\/ajuntament-santa-coloma-de-gramanet\/vacances-anuals-2021\/\" aria-label=\"Leer m\u00e1s sobre Vacances anuals 2021\">Leer m\u00e1s<\/a><\/p>\n","protected":false},"author":85552,"featured_media":2912,"comment_status":"closed","ping_status":"closed","sticky":false,"template":"","format":"standard","meta":{"footnotes":""},"categories":[17],"tags":[],"class_list":["post-2911","post","type-post","status-publish","format-standard","has-post-thumbnail","hentry","category-reccoorda","generate-columns","tablet-grid-50","mobile-grid-100","grid-parent","grid-33"],"_links":{"self":[{"href":"https:\/\/ccoo.app\/ajuntament-santa-coloma-de-gramanet\/wp-json\/wp\/v2\/posts\/2911","targetHints":{"allow":["GET"]}}],"collection":[{"href":"https:\/\/ccoo.app\/ajuntament-santa-coloma-de-gramanet\/wp-json\/wp\/v2\/posts"}],"about":[{"href":"https:\/\/ccoo.app\/ajuntament-santa-coloma-de-gramanet\/wp-json\/wp\/v2\/types\/post"}],"author":[{"embeddable":true,"href":"https:\/\/ccoo.app\/ajuntament-santa-coloma-de-gramanet\/wp-json\/wp\/v2\/users\/85552"}],"replies":[{"embeddable":true,"href":"https:\/\/ccoo.app\/ajuntament-santa-coloma-de-gramanet\/wp-json\/wp\/v2\/comments?post=2911"}],"version-history":[{"count":2,"href":"https:\/\/ccoo.app\/ajuntament-santa-coloma-de-gramanet\/wp-json\/wp\/v2\/posts\/2911\/revisions"}],"predecessor-version":[{"id":3055,"href":"https:\/\/ccoo.app\/ajuntament-santa-coloma-de-gramanet\/wp-json\/wp\/v2\/posts\/2911\/revisions\/3055"}],"wp:featuredmedia":[{"embeddable":true,"href":"https:\/\/ccoo.app\/ajuntament-santa-coloma-de-gramanet\/wp-json\/wp\/v2\/media\/2912"}],"wp:attachment":[{"href":"https:\/\/ccoo.app\/ajuntament-santa-coloma-de-gramanet\/wp-json\/wp\/v2\/media?parent=2911"}],"wp:term":[{"taxonomy":"category","embeddable":true,"href":"https:\/\/ccoo.app\/ajuntament-santa-coloma-de-gramanet\/wp-json\/wp\/v2\/categories?post=2911"},{"taxonomy":"post_tag","embeddable":true,"href":"https:\/\/ccoo.app\/ajuntament-santa-coloma-de-gramanet\/wp-json\/wp\/v2\/tags?post=2911"}],"curies":[{"name":"wp","href":"https:\/\/api.w.org\/{rel}","templated":true}]}}